{"id":4096,"date":"2022-11-10T11:38:33","date_gmt":"2022-11-10T10:38:33","guid":{"rendered":"https:\/\/justprint.cz\/blog\/?p=4096"},"modified":"2023-02-09T12:42:53","modified_gmt":"2023-02-09T11:42:53","slug":"kalendare-2023-prehled-nejzajimavejsich-projektu","status":"publish","type":"post","link":"https:\/\/justprint.cz\/blog\/kalendare-2023-prehled-nejzajimavejsich-projektu\/","title":{"rendered":"Kalend\u00e1\u0159e 2023. P\u0159ehled nejzaj\u00edmav\u011bj\u0161\u00edch projekt\u016f"},"content":{"rendered":"\n<p>V\u00e1\u0161 <strong>kalend\u00e1\u0159 na rok 2023<\/strong> se v\u016fbec nemus\u00ed podobat projekt\u016fm z p\u0159edchoz\u00edch let. Pod\u00edvejte se, jak k tomuto produktu p\u0159istupovat kreativn\u011b, s vyu\u017eit\u00edm neobvykl\u00fdch form\u00e1t\u016f, pap\u00edr\u016f a dokonce i textili\u00ed.<\/p>\n\n\n\n<!--more-->\n\n\n\n<h2><a><\/a><strong>Neot\u0159el\u00e1 povrchov\u00e1 \u00faprava a zn\u00e1m\u00e1 typografie<\/strong><strong><\/strong><\/h2>\n\n\n\n<p><strong><a href=\"https:\/\/justprint.cz\/produkty\/kalendare\" target=\"_blank\" rel=\"noopener\">Kalend\u00e1\u0159<\/a><\/strong>, kter\u00fd V\u00e1s chladn\u011b v\u00edt\u00e1 a mraziv\u011b se s V\u00e1mi lou\u010d\u00ed (jen kv\u016fli zimn\u00edm m\u011bs\u00edc\u016fm, kter\u00e9 otev\u00edraj\u00ed a uzav\u00edraj\u00ed rok). Design Lucase Machada je minimalistick\u00fd, ale zaj\u00edmav\u00fdm zp\u016fsobem \u010derp\u00e1 z grafick\u00fdch zvyklost\u00ed minul\u00fdch let. Barvy a pap\u00edr byly zvoleny tak, aby p\u0159ipom\u00ednaly dobu p\u0159ed pln\u00fdm tiskem, a typografie &#8211; zejm\u00e9na \u010d\u00edslice &#8211; p\u0159ipom\u00edn\u00e1 prvn\u00ed kalkula\u010dky nebo tabule s j\u00edzdn\u00edmi \u0159\u00e1dy na n\u00e1dra\u017e\u00edch. Atmosf\u00e9ra brutalismu projektu dokonale zapad\u00e1 do nastupuj\u00edc\u00edch grafick\u00fdch trend\u016f a jednotliv\u00e9 str\u00e1nky kalend\u00e1\u0159e bude mo\u017en\u00e9 d\u00edky d\u011brov\u00e1n\u00ed snadno zav\u011bsit na viditeln\u00e9 m\u00edsto. V sad\u011b se objevuje tak\u00e9 <strong><a href=\"https:\/\/justprint.cz\/krabice-s-vikem\" target=\"_blank\" rel=\"noopener\">krabi\u010dka<\/a><\/strong>, co\u017e je u kalend\u00e1\u0159e pom\u011brn\u011b neobvykl\u00e9.<\/p>\n\n\n\n<figure class=\"wp-block-image size-large\"><img width=\"1024\" height=\"680\" src=\"https:\/\/justprint.cz\/blog\/wp-content\/uploads\/kal1-1-1024x680.jpg\" alt=\"\" class=\"wp-image-4078\" srcset=\"https:\/\/justprint.cz\/blog\/wp-content\/uploads\/kal1-1-1024x680.jpg 1024w, https:\/\/justprint.cz\/blog\/wp-content\/uploads\/kal1-1-300x199.jpg 300w, https:\/\/justprint.cz\/blog\/wp-content\/uploads\/kal1-1-768x510.jpg 768w, https:\/\/justprint.cz\/blog\/wp-content\/uploads\/kal1-1-1170x777.jpg 1170w, https:\/\/justprint.cz\/blog\/wp-content\/uploads\/kal1-1-585x388.jpg 585w, https:\/\/justprint.cz\/blog\/wp-content\/uploads\/kal1-1-263x175.jpg 263w, https:\/\/justprint.cz\/blog\/wp-content\/uploads\/kal1-1.jpg 1416w\" sizes=\"(max-width: 1024px) 100vw, 1024px\" \/><figcaption>\u00a9 Lucas Machado<\/figcaption><\/figure>\n\n\n\n<figure class=\"wp-block-gallery has-nested-images columns-default is-cropped\">\n<figure class=\"wp-block-image size-large\"><img width=\"871\" height=\"874\" data-id=\"4080\"  src=\"https:\/\/justprint.cz\/blog\/wp-content\/uploads\/kal3.jpg\" alt=\"\" class=\"wp-image-4080\" srcset=\"https:\/\/justprint.cz\/blog\/wp-content\/uploads\/kal3.jpg 871w, https:\/\/justprint.cz\/blog\/wp-content\/uploads\/kal3-300x300.jpg 300w, https:\/\/justprint.cz\/blog\/wp-content\/uploads\/kal3-150x150.jpg 150w, https:\/\/justprint.cz\/blog\/wp-content\/uploads\/kal3-768x771.jpg 768w, https:\/\/justprint.cz\/blog\/wp-content\/uploads\/kal3-585x587.jpg 585w, https:\/\/justprint.cz\/blog\/wp-content\/uploads\/kal3-24x24.jpg 24w, https:\/\/justprint.cz\/blog\/wp-content\/uploads\/kal3-48x48.jpg 48w, https:\/\/justprint.cz\/blog\/wp-content\/uploads\/kal3-96x96.jpg 96w\" sizes=\"(max-width: 871px) 100vw, 871px\" \/><figcaption>\u00a9 Lucas Machado<\/figcaption><\/figure>\n\n\n\n<figure class=\"wp-block-image size-large\"><img width=\"872\" height=\"873\" data-id=\"4077\"  src=\"https:\/\/justprint.cz\/blog\/wp-content\/uploads\/kal4.jpg\" alt=\"\" class=\"wp-image-4077\" srcset=\"https:\/\/justprint.cz\/blog\/wp-content\/uploads\/kal4.jpg 872w, https:\/\/justprint.cz\/blog\/wp-content\/uploads\/kal4-300x300.jpg 300w, https:\/\/justprint.cz\/blog\/wp-content\/uploads\/kal4-150x150.jpg 150w, https:\/\/justprint.cz\/blog\/wp-content\/uploads\/kal4-768x769.jpg 768w, https:\/\/justprint.cz\/blog\/wp-content\/uploads\/kal4-585x585.jpg 585w, https:\/\/justprint.cz\/blog\/wp-content\/uploads\/kal4-24x24.jpg 24w, https:\/\/justprint.cz\/blog\/wp-content\/uploads\/kal4-48x48.jpg 48w, https:\/\/justprint.cz\/blog\/wp-content\/uploads\/kal4-96x96.jpg 96w\" sizes=\"(max-width: 872px) 100vw, 872px\" \/><figcaption>\u00a9 Lucas Machado<\/figcaption><\/figure>\n<\/figure>\n\n\n\n<figure class=\"wp-block-image size-large\"><img width=\"1024\" height=\"679\" src=\"https:\/\/justprint.cz\/blog\/wp-content\/uploads\/kal2-1-1024x679.jpg\" alt=\"\" class=\"wp-image-4079\" srcset=\"https:\/\/justprint.cz\/blog\/wp-content\/uploads\/kal2-1-1024x679.jpg 1024w, https:\/\/justprint.cz\/blog\/wp-content\/uploads\/kal2-1-300x199.jpg 300w, https:\/\/justprint.cz\/blog\/wp-content\/uploads\/kal2-1-768x509.jpg 768w, https:\/\/justprint.cz\/blog\/wp-content\/uploads\/kal2-1-1170x776.jpg 1170w, https:\/\/justprint.cz\/blog\/wp-content\/uploads\/kal2-1-780x516.jpg 780w, https:\/\/justprint.cz\/blog\/wp-content\/uploads\/kal2-1-585x388.jpg 585w, https:\/\/justprint.cz\/blog\/wp-content\/uploads\/kal2-1-263x175.jpg 263w, https:\/\/justprint.cz\/blog\/wp-content\/uploads\/kal2-1.jpg 1415w\" sizes=\"(max-width: 1024px) 100vw, 1024px\" \/><figcaption>\u00a9 Lucas Machado<\/figcaption><\/figure>\n\n\n\n<p>Cel\u00fd projekt si m\u016f\u017eete prohl\u00e9dnout \u2192 <strong><a href=\"https:\/\/www.behance.net\/gallery\/150943529\/Typographic-Calendar-2023\" target=\"_blank\" rel=\"noopener nofollow\">zde<\/a><\/strong>.<\/p>\n\n\n\n<h2><a><\/a><strong>Avantgarda v pln\u00e9m tisku<\/strong><strong><\/strong><\/h2>\n\n\n\n<p>Dal\u0161\u00ed projekt je stejn\u011b n\u00e1padn\u00fd jako sn\u00edh v \u010dervnu. Jednotliv\u00e9 str\u00e1nky kalend\u00e1\u0159e se oh\u00fdbaj\u00ed v \u010dase, ale tak, aby nenaru\u0161ovaly \u010dten\u00ed data v jednotliv\u00fdch m\u011bs\u00edc\u00edch, a form\u00e1t A5 se m\u011bn\u00ed v souladu s ohybovou lini\u00ed. Intenzivn\u00ed, energick\u00e9 barvy o\u017eivuj\u00ed design a podn\u011bcuj\u00ed p\u0159edstavivost po cel\u00fd rok.<\/p>\n\n\n\n<figure class=\"wp-block-image size-large\"><img width=\"1024\" height=\"678\" src=\"https:\/\/justprint.cz\/blog\/wp-content\/uploads\/hansen3-1024x678.jpg\" alt=\"\" class=\"wp-image-4081\" srcset=\"https:\/\/justprint.cz\/blog\/wp-content\/uploads\/hansen3-1024x678.jpg 1024w, https:\/\/justprint.cz\/blog\/wp-content\/uploads\/hansen3-300x199.jpg 300w, https:\/\/justprint.cz\/blog\/wp-content\/uploads\/hansen3-768x509.jpg 768w, https:\/\/justprint.cz\/blog\/wp-content\/uploads\/hansen3-1170x775.jpg 1170w, https:\/\/justprint.cz\/blog\/wp-content\/uploads\/hansen3-780x516.jpg 780w, https:\/\/justprint.cz\/blog\/wp-content\/uploads\/hansen3-585x387.jpg 585w, https:\/\/justprint.cz\/blog\/wp-content\/uploads\/hansen3-263x175.jpg 263w, https:\/\/justprint.cz\/blog\/wp-content\/uploads\/hansen3.jpg 1202w\" sizes=\"(max-width: 1024px) 100vw, 1024px\" \/><figcaption>\u00a9 Hansen \/ 2 Design-Direction<\/figcaption><\/figure>\n\n\n\n<figure class=\"wp-block-gallery has-nested-images columns-default is-cropped\">\n<figure class=\"wp-block-image size-large\"><img width=\"1412\" height=\"938\" data-id=\"4083\"  src=\"https:\/\/justprint.cz\/blog\/wp-content\/uploads\/hansen2.jpg\" alt=\"\" class=\"wp-image-4083\" srcset=\"https:\/\/justprint.cz\/blog\/wp-content\/uploads\/hansen2.jpg 1412w, https:\/\/justprint.cz\/blog\/wp-content\/uploads\/hansen2-300x199.jpg 300w, https:\/\/justprint.cz\/blog\/wp-content\/uploads\/hansen2-1024x680.jpg 1024w, https:\/\/justprint.cz\/blog\/wp-content\/uploads\/hansen2-768x510.jpg 768w, https:\/\/justprint.cz\/blog\/wp-content\/uploads\/hansen2-1170x777.jpg 1170w, https:\/\/justprint.cz\/blog\/wp-content\/uploads\/hansen2-585x389.jpg 585w, https:\/\/justprint.cz\/blog\/wp-content\/uploads\/hansen2-263x175.jpg 263w\" sizes=\"(max-width: 1412px) 100vw, 1412px\" \/><figcaption>\u00a9 Hansen \/ 2 Design-Direction<\/figcaption><\/figure>\n\n\n\n<figure class=\"wp-block-image size-large\"><img width=\"1409\" height=\"936\" data-id=\"4082\"  src=\"https:\/\/justprint.cz\/blog\/wp-content\/uploads\/hansen1.jpg\" alt=\"\" class=\"wp-image-4082\" srcset=\"https:\/\/justprint.cz\/blog\/wp-content\/uploads\/hansen1.jpg 1409w, https:\/\/justprint.cz\/blog\/wp-content\/uploads\/hansen1-300x199.jpg 300w, https:\/\/justprint.cz\/blog\/wp-content\/uploads\/hansen1-1024x680.jpg 1024w, https:\/\/justprint.cz\/blog\/wp-content\/uploads\/hansen1-768x510.jpg 768w, https:\/\/justprint.cz\/blog\/wp-content\/uploads\/hansen1-1170x777.jpg 1170w, https:\/\/justprint.cz\/blog\/wp-content\/uploads\/hansen1-585x389.jpg 585w, https:\/\/justprint.cz\/blog\/wp-content\/uploads\/hansen1-263x175.jpg 263w\" sizes=\"(max-width: 1409px) 100vw, 1409px\" \/><figcaption>\u00a9 Hansen \/ 2 Design-Direction<\/figcaption><\/figure>\n<\/figure>\n\n\n\n<p>Cel\u00fd projekt si m\u016f\u017eete prohl\u00e9dnout \u2192 <strong><a href=\"https:\/\/www.behance.net\/gallery\/111711391\/ZWEI-EINS-CALENDAR\" target=\"_blank\" rel=\"noopener nofollow\">zde<\/a><\/strong>.<\/p>\n\n\n\n<h2><a><\/a><strong>Let\u00e1k nebo kalend\u00e1\u0159?<\/strong><strong><\/strong><\/h2>\n\n\n\n<p>Tak\u00e9 dal\u0161\u00ed projekt se nesl v duchu brutalismu. Ka\u017ed\u00e1 str\u00e1nka kalend\u00e1\u0159e p\u0159ipom\u00edn\u00e1 slo\u017een\u00fd let\u00e1k a rozestupy \u010d\u00edsel v datech jsou \u010dist\u00fdm vyza\u0159ov\u00e1n\u00edm tv\u016fr\u010d\u00edho chaosu. Tento netradi\u010dn\u00ed design poskytuje prostor pro pozn\u00e1mky a zaj\u00edmavou p\u0159idanou hodnotou je mo\u017enost vytrh\u00e1v\u00e1n\u00ed ok\u00e9nek s daty.<\/p>\n\n\n\n<p><strong>Zaj\u00edmavost:<\/strong><strong><\/strong><\/p>\n\n\n\n<p>Pro n\u00e1vrh a tisk podobn\u00e9ho kalend\u00e1\u0159e m\u016f\u017eete pou\u017e\u00edt form\u00e1t skl\u00e1dac\u00edho let\u00e1ku. Produkt najdete zde >> <strong><a href=\"https:\/\/justprint.cz\/skladany_letak\" target=\"_blank\" rel=\"noopener\">let\u00e1ky<\/a><\/strong>  v Justprint.<\/p>\n\n\n\n<figure class=\"wp-block-gallery has-nested-images columns-default is-cropped\">\n<figure class=\"wp-block-image size-large\"><img width=\"830\" height=\"937\" data-id=\"4085\"  src=\"https:\/\/justprint.cz\/blog\/wp-content\/uploads\/broch1.jpg\" alt=\"\" class=\"wp-image-4085\" srcset=\"https:\/\/justprint.cz\/blog\/wp-content\/uploads\/broch1.jpg 830w, https:\/\/justprint.cz\/blog\/wp-content\/uploads\/broch1-266x300.jpg 266w, https:\/\/justprint.cz\/blog\/wp-content\/uploads\/broch1-768x867.jpg 768w, https:\/\/justprint.cz\/blog\/wp-content\/uploads\/broch1-585x660.jpg 585w\" sizes=\"(max-width: 830px) 100vw, 830px\" \/><figcaption>\u00a9  Angelina Faria<\/figcaption><\/figure>\n\n\n\n<figure class=\"wp-block-image size-large\"><img width=\"837\" height=\"938\" data-id=\"4086\"  src=\"https:\/\/justprint.cz\/blog\/wp-content\/uploads\/broch2.jpg\" alt=\"\" class=\"wp-image-4086\" srcset=\"https:\/\/justprint.cz\/blog\/wp-content\/uploads\/broch2.jpg 837w, https:\/\/justprint.cz\/blog\/wp-content\/uploads\/broch2-268x300.jpg 268w, https:\/\/justprint.cz\/blog\/wp-content\/uploads\/broch2-768x861.jpg 768w, https:\/\/justprint.cz\/blog\/wp-content\/uploads\/broch2-585x656.jpg 585w\" sizes=\"(max-width: 837px) 100vw, 837px\" \/><figcaption>\u00a9  Angelina Faria<\/figcaption><\/figure>\n<\/figure>\n\n\n\n<figure class=\"wp-block-image size-large\"><img width=\"1024\" height=\"476\" src=\"https:\/\/justprint.cz\/blog\/wp-content\/uploads\/broch3-1024x476.jpg\" alt=\"\" class=\"wp-image-4084\" srcset=\"https:\/\/justprint.cz\/blog\/wp-content\/uploads\/broch3-1024x476.jpg 1024w, https:\/\/justprint.cz\/blog\/wp-content\/uploads\/broch3-300x139.jpg 300w, https:\/\/justprint.cz\/blog\/wp-content\/uploads\/broch3-768x357.jpg 768w, https:\/\/justprint.cz\/blog\/wp-content\/uploads\/broch3-1170x544.jpg 1170w, https:\/\/justprint.cz\/blog\/wp-content\/uploads\/broch3-585x272.jpg 585w, https:\/\/justprint.cz\/blog\/wp-content\/uploads\/broch3.jpg 1397w\" sizes=\"(max-width: 1024px) 100vw, 1024px\" \/><figcaption>\u00a9  Angelina Faria<\/figcaption><\/figure>\n\n\n\n<p>Cel\u00fd projekt si m\u016f\u017eete prohl\u00e9dnout \u2192 <strong><a href=\"https:\/\/www.behance.net\/gallery\/145592413\/Intervention-Calendar\" target=\"_blank\" rel=\"noopener nofollow\">zde<\/a><\/strong>.<\/p>\n\n\n\n<h2><a><\/a><strong>Soudob\u00e9 retro<\/strong><strong><\/strong><\/h2>\n\n\n\n<p>Podobn\u00e1 atmosf\u00e9ra, ale rozhodn\u011b minimalistick\u00e1. Efekt &#8222;star\u00e9ho pap\u00edru&#8220; a tisk p\u0159ipom\u00ednaj\u00edc\u00ed prvn\u00ed barevn\u00e9 noviny. Stroh\u00e1 typografie v duetu s abstraktn\u00ed grafikou p\u0159in\u00e1\u0161\u00ed prvek p\u0159ekvapen\u00ed a \u00fa\u010dinn\u011b upout\u00e1v\u00e1 pozornost!<\/p>\n\n\n\n<figure class=\"wp-block-gallery has-nested-images columns-default is-cropped\">\n<figure class=\"wp-block-image size-large\"><img width=\"939\" height=\"938\" data-id=\"4087\"  src=\"https:\/\/justprint.cz\/blog\/wp-content\/uploads\/brut3.jpg\" alt=\"\" class=\"wp-image-4087\" srcset=\"https:\/\/justprint.cz\/blog\/wp-content\/uploads\/brut3.jpg 939w, https:\/\/justprint.cz\/blog\/wp-content\/uploads\/brut3-300x300.jpg 300w, https:\/\/justprint.cz\/blog\/wp-content\/uploads\/brut3-150x150.jpg 150w, https:\/\/justprint.cz\/blog\/wp-content\/uploads\/brut3-768x767.jpg 768w, https:\/\/justprint.cz\/blog\/wp-content\/uploads\/brut3-585x585.jpg 585w, https:\/\/justprint.cz\/blog\/wp-content\/uploads\/brut3-24x24.jpg 24w, https:\/\/justprint.cz\/blog\/wp-content\/uploads\/brut3-48x48.jpg 48w, https:\/\/justprint.cz\/blog\/wp-content\/uploads\/brut3-96x96.jpg 96w\" sizes=\"(max-width: 939px) 100vw, 939px\" \/><figcaption>\u00a9  Hamie Robitaille<\/figcaption><\/figure>\n\n\n\n<figure class=\"wp-block-image size-large\"><img width=\"939\" height=\"937\" data-id=\"4089\"  src=\"https:\/\/justprint.cz\/blog\/wp-content\/uploads\/brut2.jpg\" alt=\"\" class=\"wp-image-4089\" srcset=\"https:\/\/justprint.cz\/blog\/wp-content\/uploads\/brut2.jpg 939w, https:\/\/justprint.cz\/blog\/wp-content\/uploads\/brut2-300x300.jpg 300w, https:\/\/justprint.cz\/blog\/wp-content\/uploads\/brut2-150x150.jpg 150w, https:\/\/justprint.cz\/blog\/wp-content\/uploads\/brut2-768x766.jpg 768w, https:\/\/justprint.cz\/blog\/wp-content\/uploads\/brut2-585x585.jpg 585w, https:\/\/justprint.cz\/blog\/wp-content\/uploads\/brut2-24x24.jpg 24w, https:\/\/justprint.cz\/blog\/wp-content\/uploads\/brut2-48x48.jpg 48w, https:\/\/justprint.cz\/blog\/wp-content\/uploads\/brut2-96x96.jpg 96w\" sizes=\"(max-width: 939px) 100vw, 939px\" \/><figcaption>\u00a9  Hamie Robitaille<\/figcaption><\/figure>\n<\/figure>\n\n\n\n<figure class=\"wp-block-image size-large\"><img width=\"1024\" height=\"646\" src=\"https:\/\/justprint.cz\/blog\/wp-content\/uploads\/brut1-1024x646.jpg\" alt=\"\" class=\"wp-image-4088\" srcset=\"https:\/\/justprint.cz\/blog\/wp-content\/uploads\/brut1-1024x646.jpg 1024w, https:\/\/justprint.cz\/blog\/wp-content\/uploads\/brut1-300x189.jpg 300w, https:\/\/justprint.cz\/blog\/wp-content\/uploads\/brut1-768x484.jpg 768w, https:\/\/justprint.cz\/blog\/wp-content\/uploads\/brut1-1170x738.jpg 1170w, https:\/\/justprint.cz\/blog\/wp-content\/uploads\/brut1-585x369.jpg 585w, https:\/\/justprint.cz\/blog\/wp-content\/uploads\/brut1.jpg 1277w\" sizes=\"(max-width: 1024px) 100vw, 1024px\" \/><figcaption>\u00a9  Hamie Robitaille<\/figcaption><\/figure>\n\n\n\n<p>Cel\u00fd projekt si m\u016f\u017eete prohl\u00e9dnout \u2192 <strong><a href=\"https:\/\/www.behance.net\/gallery\/132326349\/Calendrier-2022\" target=\"_blank\" rel=\"noopener nofollow\">zde<\/a><\/strong>.<\/p>\n\n\n\n<h2><a><\/a><strong>Kalend\u00e1\u0159 nebo plak\u00e1t?<\/strong><strong><\/strong><\/h2>\n\n\n\n<p>Nick Barclay jde proti proudu a jeho projekt p\u0159edstavuje nov\u00fd standard v kategorii kalend\u00e1\u0159\u016f. Jednotliv\u00e9 listy p\u0159ipom\u00ednaj\u00ed <strong><a href=\"https:\/\/justprint.cz\/jednostranny_plakat\" target=\"_blank\" rel=\"noopener\">abstraktn\u00ed plak\u00e1ty<\/a><\/strong> a teprve zbl\u00edzka je patrn\u00e9, \u017ee ka\u017ed\u00fd list p\u0159edstavuje ur\u010dit\u00fd m\u011bs\u00edc v roce. Kalend\u00e1\u0159 byl omezen na minimum &#8211; autor k tomuto \u00fa\u010delu vyu\u017eil spodn\u00ed, st\u0159edn\u00ed \u010d\u00e1st ka\u017ed\u00e9ho listu a v\u011bt\u0161inu prostoru vyhradil geometrick\u00e9mu grafick\u00e9mu vzoru, \u010d\u00edm\u017e zm\u011bnil t\u011b\u017ei\u0161t\u011b n\u00e1vrhu z informa\u010dn\u00ed na estetickou vrstvu.<\/p>\n\n\n\n<figure class=\"wp-block-image size-large\"><img width=\"1024\" height=\"724\" src=\"https:\/\/justprint.cz\/blog\/wp-content\/uploads\/min1-1024x724.jpg\" alt=\"\" class=\"wp-image-4094\" srcset=\"https:\/\/justprint.cz\/blog\/wp-content\/uploads\/min1-1024x724.jpg 1024w, https:\/\/justprint.cz\/blog\/wp-content\/uploads\/min1-300x212.jpg 300w, https:\/\/justprint.cz\/blog\/wp-content\/uploads\/min1-768x543.jpg 768w, https:\/\/justprint.cz\/blog\/wp-content\/uploads\/min1-1170x827.jpg 1170w, https:\/\/justprint.cz\/blog\/wp-content\/uploads\/min1-585x413.jpg 585w, https:\/\/justprint.cz\/blog\/wp-content\/uploads\/min1.jpg 1330w\" sizes=\"(max-width: 1024px) 100vw, 1024px\" \/><figcaption>\u00a9 Nick Barclay<\/figcaption><\/figure>\n\n\n\n<figure class=\"wp-block-image size-large\"><img width=\"1024\" height=\"654\" src=\"https:\/\/justprint.cz\/blog\/wp-content\/uploads\/min3-1024x654.jpg\" alt=\"\" class=\"wp-image-4093\" srcset=\"https:\/\/justprint.cz\/blog\/wp-content\/uploads\/min3-1024x654.jpg 1024w, https:\/\/justprint.cz\/blog\/wp-content\/uploads\/min3-300x192.jpg 300w, https:\/\/justprint.cz\/blog\/wp-content\/uploads\/min3-768x490.jpg 768w, https:\/\/justprint.cz\/blog\/wp-content\/uploads\/min3-1170x747.jpg 1170w, https:\/\/justprint.cz\/blog\/wp-content\/uploads\/min3-585x374.jpg 585w, https:\/\/justprint.cz\/blog\/wp-content\/uploads\/min3.jpg 1469w\" sizes=\"(max-width: 1024px) 100vw, 1024px\" \/><figcaption>\u00a9 Nick Barclay<\/figcaption><\/figure>\n\n\n\n<p>Cel\u00fd projekt si m\u016f\u017eete prohl\u00e9dnout \u2192 <strong><a href=\"http:\/\/behance.net\/gallery\/129214815\/2022-Geometric-Calendar\" target=\"_blank\" rel=\"noopener nofollow\">zde<\/a><\/strong>.<\/p>\n\n\n\n<hr class=\"wp-block-separator\"\/>\n\n\n\n<p>V grafick\u00fdch trendech pro rok 2023 se objev\u00ed tak\u00e9 geometrick\u00e9 vzory. Zobrazit v\u0161e \u2193<\/p>\n\n\n\n<figure class=\"wp-block-embed is-type-wp-embed is-provider-justprint-cz-blog wp-block-embed-justprint-cz-blog\"><div class=\"wp-block-embed__wrapper\">\n<blockquote class=\"wp-embedded-content\" data-secret=\"s9dPFdePxb\"><a href=\"https:\/\/justprint.cz\/blog\/graficke-trendy-2023\/\">Grafick\u00e9 trendy 2023<\/a><\/blockquote><iframe class=\"wp-embedded-content\" sandbox=\"allow-scripts\" security=\"restricted\" style=\"position: absolute; clip: rect(1px, 1px, 1px, 1px);\" title=\"&#8222;Grafick\u00e9 trendy 2023&#8221; &#8212; Justprint.cz Blog\" src=\"https:\/\/justprint.cz\/blog\/graficke-trendy-2023\/embed\/#?secret=Y1WZ6n6rXW#?secret=s9dPFdePxb\" data-secret=\"s9dPFdePxb\" width=\"600\" height=\"338\" frameborder=\"0\" marginwidth=\"0\" marginheight=\"0\" scrolling=\"no\"><\/iframe>\n<\/div><\/figure>\n\n\n\n<hr class=\"wp-block-separator\"\/>\n\n\n\n<h2><a><\/a><strong>Kalend\u00e1\u0159 na l\u00e9ta<\/strong><strong><\/strong><\/h2>\n\n\n\n<p>Origin\u00e1ln\u00ed p\u0159\u00edstup k t\u00e9matu kalend\u00e1\u0159e a z\u00e1rove\u0148 roz\u0161\u00ed\u0159en\u00ed jeho u\u017eitn\u00e9 funkce nad r\u00e1mec roku! Tak by se dal popsat projekt Kashyapa Bhatta, kter\u00fd se vymyk\u00e1 konvenc\u00edm kalend\u00e1\u0159e jak formou, tak materi\u00e1lem. Zat\u00edmco textil je p\u016fvabn\u00fdm tiska\u0159sk\u00fdm podkladem, <strong><a href=\"https:\/\/justprint.cz\/latkova-taska-prirodni\" target=\"_blank\" rel=\"noopener\">kalend\u00e1\u0159 na ta\u0161ce<\/a><\/strong> je ur\u010ditou novinkou a z\u00e1rove\u0148 inspirac\u00ed k experimentov\u00e1n\u00ed s dal\u0161\u00edmi tiskov\u00fdmi produkty a surovinami, kter\u00e9 nekon\u010d\u00ed u pap\u00edru a l\u00e1tky.<\/p>\n\n\n\n<figure class=\"wp-block-gallery has-nested-images columns-default is-cropped\">\n<figure class=\"wp-block-image size-large\"><img width=\"1411\" height=\"940\" data-id=\"4091\"  src=\"https:\/\/justprint.cz\/blog\/wp-content\/uploads\/tor1.jpg\" alt=\"\" class=\"wp-image-4091\" srcset=\"https:\/\/justprint.cz\/blog\/wp-content\/uploads\/tor1.jpg 1411w, https:\/\/justprint.cz\/blog\/wp-content\/uploads\/tor1-300x200.jpg 300w, https:\/\/justprint.cz\/blog\/wp-content\/uploads\/tor1-1024x682.jpg 1024w, https:\/\/justprint.cz\/blog\/wp-content\/uploads\/tor1-768x512.jpg 768w, https:\/\/justprint.cz\/blog\/wp-content\/uploads\/tor1-1170x779.jpg 1170w, https:\/\/justprint.cz\/blog\/wp-content\/uploads\/tor1-585x390.jpg 585w, https:\/\/justprint.cz\/blog\/wp-content\/uploads\/tor1-263x175.jpg 263w\" sizes=\"(max-width: 1411px) 100vw, 1411px\" \/><figcaption>\u00a9 Kashyap Bhatt<\/figcaption><\/figure>\n\n\n\n<figure class=\"wp-block-image size-large\"><img width=\"1410\" height=\"937\" data-id=\"4090\"  src=\"https:\/\/justprint.cz\/blog\/wp-content\/uploads\/tor3.jpg\" alt=\"\" class=\"wp-image-4090\" srcset=\"https:\/\/justprint.cz\/blog\/wp-content\/uploads\/tor3.jpg 1410w, https:\/\/justprint.cz\/blog\/wp-content\/uploads\/tor3-300x199.jpg 300w, https:\/\/justprint.cz\/blog\/wp-content\/uploads\/tor3-1024x680.jpg 1024w, https:\/\/justprint.cz\/blog\/wp-content\/uploads\/tor3-768x510.jpg 768w, https:\/\/justprint.cz\/blog\/wp-content\/uploads\/tor3-1170x778.jpg 1170w, https:\/\/justprint.cz\/blog\/wp-content\/uploads\/tor3-585x389.jpg 585w, https:\/\/justprint.cz\/blog\/wp-content\/uploads\/tor3-263x175.jpg 263w\" sizes=\"(max-width: 1410px) 100vw, 1410px\" \/><figcaption>\u00a9 Kashyap Bhatt<\/figcaption><\/figure>\n<\/figure>\n\n\n\n<figure class=\"wp-block-image size-large\"><img width=\"1024\" height=\"682\" src=\"https:\/\/justprint.cz\/blog\/wp-content\/uploads\/tor2-1024x682.jpg\" alt=\"\" class=\"wp-image-4092\" srcset=\"https:\/\/justprint.cz\/blog\/wp-content\/uploads\/tor2-1024x682.jpg 1024w, https:\/\/justprint.cz\/blog\/wp-content\/uploads\/tor2-300x200.jpg 300w, https:\/\/justprint.cz\/blog\/wp-content\/uploads\/tor2-768x512.jpg 768w, https:\/\/justprint.cz\/blog\/wp-content\/uploads\/tor2-1170x779.jpg 1170w, https:\/\/justprint.cz\/blog\/wp-content\/uploads\/tor2-585x390.jpg 585w, https:\/\/justprint.cz\/blog\/wp-content\/uploads\/tor2-263x175.jpg 263w, https:\/\/justprint.cz\/blog\/wp-content\/uploads\/tor2.jpg 1411w\" sizes=\"(max-width: 1024px) 100vw, 1024px\" \/><figcaption>\u00a9 Kashyap Bhatt<\/figcaption><\/figure>\n\n\n\n<p>Cel\u00fd projekt si m\u016f\u017eete prohl\u00e9dnout \u2192 <strong><a href=\"https:\/\/www.behance.net\/gallery\/153911649\/Typography-Calendar-23\" target=\"_blank\" rel=\"noopener nofollow\">zde<\/a><\/strong>.<\/p>\n\n\n\n<h3><a><\/a>Pod\u00edvejte se na dal\u0161\u00ed inspiraci!<\/h3>\n\n\n\n<figure class=\"wp-block-image size-large\"><a href=\"https:\/\/www.facebook.com\/justprint.cz\/\" target=\"_blank\" rel=\"noopener\"><img width=\"1024\" height=\"341\" src=\"https:\/\/justprint.cz\/blog\/wp-content\/uploads\/cz-obserwuj_facebook_1200x400-1-1024x341.png\" alt=\"\" class=\"wp-image-3483\" srcset=\"https:\/\/justprint.cz\/blog\/wp-content\/uploads\/cz-obserwuj_facebook_1200x400-1-1024x341.png 1024w, https:\/\/justprint.cz\/blog\/wp-content\/uploads\/cz-obserwuj_facebook_1200x400-1-300x100.png 300w, https:\/\/justprint.cz\/blog\/wp-content\/uploads\/cz-obserwuj_facebook_1200x400-1-768x256.png 768w, https:\/\/justprint.cz\/blog\/wp-content\/uploads\/cz-obserwuj_facebook_1200x400-1-1170x390.png 1170w, https:\/\/justprint.cz\/blog\/wp-content\/uploads\/cz-obserwuj_facebook_1200x400-1-585x195.png 585w, https:\/\/justprint.cz\/blog\/wp-content\/uploads\/cz-obserwuj_facebook_1200x400-1.png 1200w\" sizes=\"(max-width: 1024px) 100vw, 1024px\" \/><\/a><\/figure>\n","protected":false},"excerpt":{"rendered":"<p>V\u00e1\u0161 kalend\u00e1\u0159 na rok 2023 se v\u016fbec nemus\u00ed podobat projekt\u016fm z p\u0159edchoz\u00edch let. Pod\u00edvejte se, jak k tomuto produktu p\u0159istupovat kreativn\u011b, s vyu\u017eit\u00edm neobvykl\u00fdch form\u00e1t\u016f, pap\u00edr\u016f a dokonce i textili\u00ed.<\/p>\n","protected":false},"author":1,"featured_media":4076,"comment_status":"open","ping_status":"open","sticky":false,"template":"","format":"standard","meta":[],"categories":[36,64,37,35,38],"tags":[169,164,62,135,58,43,127,122,114],"aioseo_notices":[],"_links":{"self":[{"href":"https:\/\/justprint.cz\/blog\/wp-json\/wp\/v2\/posts\/4096"}],"collection":[{"href":"https:\/\/justprint.cz\/blog\/wp-json\/wp\/v2\/posts"}],"about":[{"href":"https:\/\/justprint.cz\/blog\/wp-json\/wp\/v2\/types\/post"}],"author":[{"embeddable":true,"href":"https:\/\/justprint.cz\/blog\/wp-json\/wp\/v2\/users\/1"}],"replies":[{"embeddable":true,"href":"https:\/\/justprint.cz\/blog\/wp-json\/wp\/v2\/comments?post=4096"}],"version-history":[{"count":7,"href":"https:\/\/justprint.cz\/blog\/wp-json\/wp\/v2\/posts\/4096\/revisions"}],"predecessor-version":[{"id":4366,"href":"https:\/\/justprint.cz\/blog\/wp-json\/wp\/v2\/posts\/4096\/revisions\/4366"}],"wp:featuredmedia":[{"embeddable":true,"href":"https:\/\/justprint.cz\/blog\/wp-json\/wp\/v2\/media\/4076"}],"wp:attachment":[{"href":"https:\/\/justprint.cz\/blog\/wp-json\/wp\/v2\/media?parent=4096"}],"wp:term":[{"taxonomy":"category","embeddable":true,"href":"https:\/\/justprint.cz\/blog\/wp-json\/wp\/v2\/categories?post=4096"},{"taxonomy":"post_tag","embeddable":true,"href":"https:\/\/justprint.cz\/blog\/wp-json\/wp\/v2\/tags?post=4096"}],"curies":[{"name":"wp","href":"https:\/\/api.w.org\/{rel}","templated":true}]}}