{"id":4048,"date":"2022-10-20T13:01:49","date_gmt":"2022-10-20T11:01:49","guid":{"rendered":"https:\/\/justprint.cz\/blog\/?p=4048"},"modified":"2023-02-09T13:02:00","modified_gmt":"2023-02-09T12:02:00","slug":"graficke-trendy-2023","status":"publish","type":"post","link":"https:\/\/justprint.cz\/blog\/graficke-trendy-2023\/","title":{"rendered":"Grafick\u00e9 trendy 2023"},"content":{"rendered":"\n<p>D\u00e1 se \u0159\u00edci, \u017ee je to ji\u017e tradice! Na na\u0161em blogu se pr\u00e1v\u011b objevil seznam nejzaj\u00edmav\u011bj\u0161\u00edch trend\u016f v grafice, p\u0159edpov\u011b\u010f na nadch\u00e1zej\u00edc\u00ed rok. \u010ct\u011bte, prohl\u00ed\u017eejte si a pou\u017e\u00edvejte p\u0159i pl\u00e1nov\u00e1n\u00ed kreativn\u00edch po\u010din\u016f na p\u0159\u00ed\u0161t\u00ed rok (nejen grafick\u00fdch!).<\/p>\n\n\n\n<!--more-->\n\n\n\n<h2><a><\/a>Geometrick\u00e9 tvary<\/h2>\n\n\n\n<p>D\u00e1 se \u0159\u00edci, \u017ee tento trend v grafice triumfuje ji\u017e od \u010dasu Bauhausu. Uplynulo v\u00edce ne\u017e sto let tradice a po\u010d\u00edtadlo st\u00e1le bije, co\u017e ovliv\u0148uje kreativn\u00ed p\u0159\u00edstup zna\u010dek a osob zastupuj\u00edc\u00edch um\u011bleck\u00fd sv\u011bt. Nen\u00ed divu, \u010dist\u00e9 tvary, geometrick\u00e9, jednoduch\u00e9 kompozice v z\u00e1kladn\u00edch a nek\u0159iklav\u00fdch barv\u00e1ch jsou spojeny s jednoduchost\u00ed pou\u017eit\u00ed a cenovou dostupnost\u00ed. V\u00fdtvory zalo\u017een\u00e9 na geometrii a omezen\u00e9m po\u010dtu prvk\u016f dob\u0159e reaguj\u00ed na pot\u0159ebu transparentnosti, vyjad\u0159uj\u00ed jednoduchost a komunikuj\u00ed snadnost p\u0159\u00edjmu, \u010deho\u017e je u sofistikovan\u011bj\u0161\u00edch v\u00fdtvor\u016f \u010dasto obt\u00ed\u017en\u00e9 dos\u00e1hnout.<\/p>\n\n\n\n<figure class=\"wp-block-gallery has-nested-images columns-default is-cropped\">\n<figure class=\"wp-block-image size-large\"><img width=\"1024\" height=\"684\" data-id=\"4020\"  src=\"https:\/\/justprint.cz\/blog\/wp-content\/uploads\/geo-3-armenia-1024x684.jpg\" alt=\"\" class=\"wp-image-4020\" srcset=\"https:\/\/justprint.cz\/blog\/wp-content\/uploads\/geo-3-armenia-1024x684.jpg 1024w, https:\/\/justprint.cz\/blog\/wp-content\/uploads\/geo-3-armenia-300x200.jpg 300w, https:\/\/justprint.cz\/blog\/wp-content\/uploads\/geo-3-armenia-768x513.jpg 768w, https:\/\/justprint.cz\/blog\/wp-content\/uploads\/geo-3-armenia-585x391.jpg 585w, https:\/\/justprint.cz\/blog\/wp-content\/uploads\/geo-3-armenia-263x175.jpg 263w, https:\/\/justprint.cz\/blog\/wp-content\/uploads\/geo-3-armenia.jpg 1164w\" sizes=\"(max-width: 1024px) 100vw, 1024px\" \/><figcaption>\u00a9 Astghik Vardanian<\/figcaption><\/figure>\n<\/figure>\n\n\n\n<figure class=\"wp-block-gallery has-nested-images columns-default is-cropped\">\n<figure class=\"wp-block-image size-large\"><img width=\"874\" height=\"908\" data-id=\"4019\"  src=\"https:\/\/justprint.cz\/blog\/wp-content\/uploads\/geo-2-pedro.jpg\" alt=\"\" class=\"wp-image-4019\" srcset=\"https:\/\/justprint.cz\/blog\/wp-content\/uploads\/geo-2-pedro.jpg 874w, https:\/\/justprint.cz\/blog\/wp-content\/uploads\/geo-2-pedro-289x300.jpg 289w, https:\/\/justprint.cz\/blog\/wp-content\/uploads\/geo-2-pedro-768x798.jpg 768w, https:\/\/justprint.cz\/blog\/wp-content\/uploads\/geo-2-pedro-585x608.jpg 585w, https:\/\/justprint.cz\/blog\/wp-content\/uploads\/geo-2-pedro-24x24.jpg 24w\" sizes=\"(max-width: 874px) 100vw, 874px\" \/><figcaption>\u00a9 Mateus Ara\u00fajo<\/figcaption><\/figure>\n\n\n\n<figure class=\"wp-block-image size-large\"><img width=\"940\" height=\"941\" data-id=\"4021\"  src=\"https:\/\/justprint.cz\/blog\/wp-content\/uploads\/geo-4-poster-lad.jpg\" alt=\"\" class=\"wp-image-4021\" srcset=\"https:\/\/justprint.cz\/blog\/wp-content\/uploads\/geo-4-poster-lad.jpg 940w, https:\/\/justprint.cz\/blog\/wp-content\/uploads\/geo-4-poster-lad-300x300.jpg 300w, https:\/\/justprint.cz\/blog\/wp-content\/uploads\/geo-4-poster-lad-150x150.jpg 150w, https:\/\/justprint.cz\/blog\/wp-content\/uploads\/geo-4-poster-lad-768x769.jpg 768w, https:\/\/justprint.cz\/blog\/wp-content\/uploads\/geo-4-poster-lad-585x585.jpg 585w, https:\/\/justprint.cz\/blog\/wp-content\/uploads\/geo-4-poster-lad-24x24.jpg 24w, https:\/\/justprint.cz\/blog\/wp-content\/uploads\/geo-4-poster-lad-48x48.jpg 48w, https:\/\/justprint.cz\/blog\/wp-content\/uploads\/geo-4-poster-lad-96x96.jpg 96w\" sizes=\"(max-width: 940px) 100vw, 940px\" \/><figcaption>\u00a9 Vratislav Pecka<\/figcaption><\/figure>\n<\/figure>\n\n\n\n<figure class=\"wp-block-gallery has-nested-images columns-default is-cropped\">\n<figure class=\"wp-block-image size-large\"><img width=\"1164\" height=\"716\" data-id=\"4018\"  src=\"https:\/\/justprint.cz\/blog\/wp-content\/uploads\/geo-1-pedro.jpg\" alt=\"\" class=\"wp-image-4018\" srcset=\"https:\/\/justprint.cz\/blog\/wp-content\/uploads\/geo-1-pedro.jpg 1164w, https:\/\/justprint.cz\/blog\/wp-content\/uploads\/geo-1-pedro-300x185.jpg 300w, https:\/\/justprint.cz\/blog\/wp-content\/uploads\/geo-1-pedro-1024x630.jpg 1024w, https:\/\/justprint.cz\/blog\/wp-content\/uploads\/geo-1-pedro-768x472.jpg 768w, https:\/\/justprint.cz\/blog\/wp-content\/uploads\/geo-1-pedro-585x360.jpg 585w\" sizes=\"(max-width: 1164px) 100vw, 1164px\" \/><figcaption>\u00a9 Mateus Ara\u00fajo<\/figcaption><\/figure>\n<\/figure>\n\n\n\n<h2><a><\/a>Surrealismus (nem\u011bnn\u00fd od let!)<\/h2>\n\n\n\n<p>Dal\u0161\u00ed trend, kter\u00fd po l\u00e9ta neslezl ze sv\u00e9ho kreativn\u00edho piedestalu! Surrealismus p\u0159ekvapuje, bo\u0159\u00ed konvence a podn\u011bcuje zv\u011bdavost, touhu objevovat, zkoumat a dom\u00fd\u0161let se, a ka\u017ed\u00fd okam\u017eik str\u00e1ven\u00fd takovou \u010dinnost\u00ed je dodate\u010dnou kotvou udr\u017euj\u00edc\u00ed tento obraz v mysl\u00edch osob, kter\u00e9 jej vid\u011bli. Surrealismus lze snadno za\u0159adit do nekonven\u010dn\u00edho projektu, jeho\u017e c\u00edlem je vyvolat emoce a zanechat nejasnosti, je v\u0161ak tak\u00e9 dobr\u00fd v elegantn\u00edm a modern\u00edm pojet\u00ed, jako prvek \u201erozb\u00edjej\u00edc\u00ed nudu\u201c v harmonick\u00fdch a vyv\u00e1\u017een\u00fdch projektech.<\/p>\n\n\n\n<figure class=\"wp-block-gallery has-nested-images columns-default is-cropped\">\n<figure class=\"wp-block-image size-large\"><img width=\"1920\" height=\"799\" data-id=\"4041\"  src=\"https:\/\/justprint.cz\/blog\/wp-content\/uploads\/sur-4-wade-be.jpg\" alt=\"\" class=\"wp-image-4041\" srcset=\"https:\/\/justprint.cz\/blog\/wp-content\/uploads\/sur-4-wade-be.jpg 1920w, https:\/\/justprint.cz\/blog\/wp-content\/uploads\/sur-4-wade-be-300x125.jpg 300w, https:\/\/justprint.cz\/blog\/wp-content\/uploads\/sur-4-wade-be-1024x426.jpg 1024w, https:\/\/justprint.cz\/blog\/wp-content\/uploads\/sur-4-wade-be-768x320.jpg 768w, https:\/\/justprint.cz\/blog\/wp-content\/uploads\/sur-4-wade-be-1536x639.jpg 1536w, https:\/\/justprint.cz\/blog\/wp-content\/uploads\/sur-4-wade-be-1170x487.jpg 1170w, https:\/\/justprint.cz\/blog\/wp-content\/uploads\/sur-4-wade-be-585x243.jpg 585w\" sizes=\"(max-width: 1920px) 100vw, 1920px\" \/><figcaption>\u00a9 Tomaszewicz Studio<\/figcaption><\/figure>\n<\/figure>\n\n\n\n<figure class=\"wp-block-gallery has-nested-images columns-default is-cropped\">\n<figure class=\"wp-block-image size-large\"><img width=\"574\" height=\"811\" data-id=\"4039\"  src=\"https:\/\/justprint.cz\/blog\/wp-content\/uploads\/sur-1-mutant.jpg\" alt=\"\" class=\"wp-image-4039\" srcset=\"https:\/\/justprint.cz\/blog\/wp-content\/uploads\/sur-1-mutant.jpg 574w, https:\/\/justprint.cz\/blog\/wp-content\/uploads\/sur-1-mutant-212x300.jpg 212w\" sizes=\"(max-width: 574px) 100vw, 574px\" \/><figcaption>\u00a9 Seb NIARK1 FERAUT<\/figcaption><\/figure>\n\n\n\n<figure class=\"wp-block-image size-large\"><img width=\"1044\" height=\"939\" data-id=\"4038\"  src=\"https:\/\/justprint.cz\/blog\/wp-content\/uploads\/sur-a1-la-citta.jpg\" alt=\"\" class=\"wp-image-4038\" srcset=\"https:\/\/justprint.cz\/blog\/wp-content\/uploads\/sur-a1-la-citta.jpg 1044w, https:\/\/justprint.cz\/blog\/wp-content\/uploads\/sur-a1-la-citta-300x270.jpg 300w, https:\/\/justprint.cz\/blog\/wp-content\/uploads\/sur-a1-la-citta-1024x921.jpg 1024w, https:\/\/justprint.cz\/blog\/wp-content\/uploads\/sur-a1-la-citta-768x691.jpg 768w, https:\/\/justprint.cz\/blog\/wp-content\/uploads\/sur-a1-la-citta-585x526.jpg 585w\" sizes=\"(max-width: 1044px) 100vw, 1044px\" \/><figcaption>\u00a9 Beppe Conti<\/figcaption><\/figure>\n<\/figure>\n\n\n\n<figure class=\"wp-block-gallery has-nested-images columns-default is-cropped\">\n<figure class=\"wp-block-image size-large\"><img width=\"1598\" height=\"898\" data-id=\"4040\"  src=\"https:\/\/justprint.cz\/blog\/wp-content\/uploads\/sur-2-desiguales.jpg\" alt=\"\" class=\"wp-image-4040\" srcset=\"https:\/\/justprint.cz\/blog\/wp-content\/uploads\/sur-2-desiguales.jpg 1598w, https:\/\/justprint.cz\/blog\/wp-content\/uploads\/sur-2-desiguales-300x169.jpg 300w, https:\/\/justprint.cz\/blog\/wp-content\/uploads\/sur-2-desiguales-1024x575.jpg 1024w, https:\/\/justprint.cz\/blog\/wp-content\/uploads\/sur-2-desiguales-768x432.jpg 768w, https:\/\/justprint.cz\/blog\/wp-content\/uploads\/sur-2-desiguales-1536x863.jpg 1536w, https:\/\/justprint.cz\/blog\/wp-content\/uploads\/sur-2-desiguales-1170x657.jpg 1170w, https:\/\/justprint.cz\/blog\/wp-content\/uploads\/sur-2-desiguales-585x329.jpg 585w\" sizes=\"(max-width: 1598px) 100vw, 1598px\" \/><figcaption>\u00a9 Eduardo Ram\u00f3n<\/figcaption><\/figure>\n<\/figure>\n\n\n\n<h2><a><\/a>Minimalismus pln\u00fd barev<\/h2>\n\n\n\n<p>V \u010dl\u00e1nc\u00edch o trendech z minul\u00fdch let se minimalismus ji\u017e objevil, ale jeho barevn\u00e1 verze je novinkou pro nadch\u00e1zej\u00edc\u00ed sez\u00f3nu. Minimalistick\u00fd p\u0159\u00edstup v grafice dokonale zapad\u00e1 do konvence \u201ejak \u0159\u00edct hodn\u011b, hovo\u0159\u00edc jen m\u00e1lo\u201c, a proto jej tak horliv\u011b vol\u00ed zna\u010dky zalo\u017een\u00e9 na decentn\u00ed a nep\u0159\u00edli\u0161 k\u0159iklav\u00e9 <strong><a href=\"https:\/\/justprint.cz\/vsechny\" target=\"_blank\" rel=\"noopener\">vizu\u00e1ln\u00ed identifikaci<\/a><\/strong>, hledaj\u00edc\u00ed jednoduchost a propracovanost. Barvy vn\u00e1\u0161ej\u00ed emoce, energii a \u201e\u017eivot\u201c do kreac\u00ed, kter\u00e9 \u2013 a\u010d zd\u00e1nliv\u011b nep\u0159\u00edli\u0161 emotivn\u00ed \u2013 za\u010dnou d\u00edky barv\u00e1m z\u00edsk\u00e1vat \u00fapln\u011b jin\u00fd v\u00fdraz.<\/p>\n\n\n\n<figure class=\"wp-block-gallery has-nested-images columns-default is-cropped\">\n<figure class=\"wp-block-image size-large\"><img width=\"1599\" height=\"899\" data-id=\"4031\"  src=\"https:\/\/justprint.cz\/blog\/wp-content\/uploads\/min-3-finn.jpg\" alt=\"\" class=\"wp-image-4031\" srcset=\"https:\/\/justprint.cz\/blog\/wp-content\/uploads\/min-3-finn.jpg 1599w, https:\/\/justprint.cz\/blog\/wp-content\/uploads\/min-3-finn-300x169.jpg 300w, https:\/\/justprint.cz\/blog\/wp-content\/uploads\/min-3-finn-1024x576.jpg 1024w, https:\/\/justprint.cz\/blog\/wp-content\/uploads\/min-3-finn-768x432.jpg 768w, https:\/\/justprint.cz\/blog\/wp-content\/uploads\/min-3-finn-1536x864.jpg 1536w, https:\/\/justprint.cz\/blog\/wp-content\/uploads\/min-3-finn-1170x658.jpg 1170w, https:\/\/justprint.cz\/blog\/wp-content\/uploads\/min-3-finn-585x329.jpg 585w\" sizes=\"(max-width: 1599px) 100vw, 1599px\" \/><figcaption>\u00a9 Daniel Brokstad<\/figcaption><\/figure>\n\n\n\n<figure class=\"wp-block-image size-large\"><img width=\"1490\" height=\"940\" data-id=\"4028\"  src=\"https:\/\/justprint.cz\/blog\/wp-content\/uploads\/min-4-matcha.jpg\" alt=\"\" class=\"wp-image-4028\" srcset=\"https:\/\/justprint.cz\/blog\/wp-content\/uploads\/min-4-matcha.jpg 1490w, https:\/\/justprint.cz\/blog\/wp-content\/uploads\/min-4-matcha-300x189.jpg 300w, https:\/\/justprint.cz\/blog\/wp-content\/uploads\/min-4-matcha-1024x646.jpg 1024w, https:\/\/justprint.cz\/blog\/wp-content\/uploads\/min-4-matcha-768x485.jpg 768w, https:\/\/justprint.cz\/blog\/wp-content\/uploads\/min-4-matcha-1170x738.jpg 1170w, https:\/\/justprint.cz\/blog\/wp-content\/uploads\/min-4-matcha-585x369.jpg 585w\" sizes=\"(max-width: 1490px) 100vw, 1490px\" \/><figcaption>\u00a9 Kinoto Studio, Romina Rios, Luc Geoffroy, M\u00f3nica Reyes Studio<\/figcaption><\/figure>\n<\/figure>\n\n\n\n<figure class=\"wp-block-gallery has-nested-images columns-default is-cropped\">\n<figure class=\"wp-block-image size-large\"><img width=\"1409\" height=\"840\" data-id=\"4030\"  src=\"https:\/\/justprint.cz\/blog\/wp-content\/uploads\/min-2-keron.jpg\" alt=\"\" class=\"wp-image-4030\" srcset=\"https:\/\/justprint.cz\/blog\/wp-content\/uploads\/min-2-keron.jpg 1409w, https:\/\/justprint.cz\/blog\/wp-content\/uploads\/min-2-keron-300x179.jpg 300w, https:\/\/justprint.cz\/blog\/wp-content\/uploads\/min-2-keron-1024x610.jpg 1024w, https:\/\/justprint.cz\/blog\/wp-content\/uploads\/min-2-keron-768x458.jpg 768w, https:\/\/justprint.cz\/blog\/wp-content\/uploads\/min-2-keron-1170x698.jpg 1170w, https:\/\/justprint.cz\/blog\/wp-content\/uploads\/min-2-keron-585x349.jpg 585w\" sizes=\"(max-width: 1409px) 100vw, 1409px\" \/><figcaption>\u00a9 C\u00e1ssio Podgaietsky &amp; Braaco Design<\/figcaption><\/figure>\n<\/figure>\n\n\n\n<figure class=\"wp-block-gallery has-nested-images columns-default is-cropped\">\n<figure class=\"wp-block-image size-large\"><img width=\"1409\" height=\"937\" data-id=\"4029\"  src=\"https:\/\/justprint.cz\/blog\/wp-content\/uploads\/min-1-teatro.jpg\" alt=\"\" class=\"wp-image-4029\" srcset=\"https:\/\/justprint.cz\/blog\/wp-content\/uploads\/min-1-teatro.jpg 1409w, https:\/\/justprint.cz\/blog\/wp-content\/uploads\/min-1-teatro-300x200.jpg 300w, https:\/\/justprint.cz\/blog\/wp-content\/uploads\/min-1-teatro-1024x681.jpg 1024w, https:\/\/justprint.cz\/blog\/wp-content\/uploads\/min-1-teatro-768x511.jpg 768w, https:\/\/justprint.cz\/blog\/wp-content\/uploads\/min-1-teatro-1170x778.jpg 1170w, https:\/\/justprint.cz\/blog\/wp-content\/uploads\/min-1-teatro-585x389.jpg 585w, https:\/\/justprint.cz\/blog\/wp-content\/uploads\/min-1-teatro-263x175.jpg 263w\" sizes=\"(max-width: 1409px) 100vw, 1409px\" \/><figcaption>\u00a9 Filipe Lampejo<\/figcaption><\/figure>\n<\/figure>\n\n\n\n<figure class=\"wp-block-image size-large\"><img width=\"1024\" height=\"341\" src=\"https:\/\/justprint.cz\/blog\/wp-content\/uploads\/cz-obserwuj_ogolne_1200x400-1024x341.png\" alt=\"social media justprint\" class=\"wp-image-3507\" srcset=\"https:\/\/justprint.cz\/blog\/wp-content\/uploads\/cz-obserwuj_ogolne_1200x400-1024x341.png 1024w, https:\/\/justprint.cz\/blog\/wp-content\/uploads\/cz-obserwuj_ogolne_1200x400-300x100.png 300w, https:\/\/justprint.cz\/blog\/wp-content\/uploads\/cz-obserwuj_ogolne_1200x400-768x256.png 768w, https:\/\/justprint.cz\/blog\/wp-content\/uploads\/cz-obserwuj_ogolne_1200x400-1170x390.png 1170w, https:\/\/justprint.cz\/blog\/wp-content\/uploads\/cz-obserwuj_ogolne_1200x400-585x195.png 585w, https:\/\/justprint.cz\/blog\/wp-content\/uploads\/cz-obserwuj_ogolne_1200x400.png 1200w\" sizes=\"(max-width: 1024px) 100vw, 1024px\" \/><\/figure>\n\n\n\n<h2><a><\/a>Maximalismus<\/h2>\n\n\n\n<p>Na druh\u00e9m konci spektra m\u00e1me n\u011bco zcela nov\u00e9ho, trend, kter\u00fd se v posledn\u00edch dvou letech v jist\u00e9m smyslu ji\u017e projevil v dominantn\u00ed psychedelii. V roce 2023 maximalismus vyplyne na otev\u0159en\u00e9 vody kreativn\u00edho oce\u00e1nu a z\u016fstane v naprost\u00e9m protikladu k vyv\u00e1\u017een\u00e9mu a \u010dist\u00e9mu minimalismu. Maximalistick\u00e9 projekty se budou vyzna\u010dovat snahou o odstran\u011bn\u00ed v\u0161ech hranic a bezosty\u0161n\u00fdm pot\u011b\u0161en\u00edm z exces\u016f. Maximalismus se stane jedn\u00edm z mo\u017en\u00fdch sm\u011br\u016f zna\u010dek, jejich\u017e identitou je bo\u0159it konvence, st\u00e1t v opozici v\u016f\u010di status quo a zam\u011b\u0159it se p\u0159edev\u0161\u00edm na individualismus.<\/p>\n\n\n\n<figure class=\"wp-block-image size-large\"><img width=\"1024\" height=\"574\" src=\"https:\/\/justprint.cz\/blog\/wp-content\/uploads\/max-2-mindfulness-1024x574.jpg\" alt=\"\" class=\"wp-image-4026\" srcset=\"https:\/\/justprint.cz\/blog\/wp-content\/uploads\/max-2-mindfulness-1024x574.jpg 1024w, https:\/\/justprint.cz\/blog\/wp-content\/uploads\/max-2-mindfulness-300x168.jpg 300w, https:\/\/justprint.cz\/blog\/wp-content\/uploads\/max-2-mindfulness-768x431.jpg 768w, https:\/\/justprint.cz\/blog\/wp-content\/uploads\/max-2-mindfulness-1536x862.jpg 1536w, https:\/\/justprint.cz\/blog\/wp-content\/uploads\/max-2-mindfulness-1170x656.jpg 1170w, https:\/\/justprint.cz\/blog\/wp-content\/uploads\/max-2-mindfulness-585x328.jpg 585w, https:\/\/justprint.cz\/blog\/wp-content\/uploads\/max-2-mindfulness.jpg 1674w\" sizes=\"(max-width: 1024px) 100vw, 1024px\" \/><figcaption>\u00a9 Anoushka Seth<\/figcaption><\/figure>\n\n\n\n<figure class=\"wp-block-image size-full\"><img width=\"899\" height=\"669\" src=\"https:\/\/justprint.cz\/blog\/wp-content\/uploads\/max-3-wriggle.jpg\" alt=\"\" class=\"wp-image-4027\" srcset=\"https:\/\/justprint.cz\/blog\/wp-content\/uploads\/max-3-wriggle.jpg 899w, https:\/\/justprint.cz\/blog\/wp-content\/uploads\/max-3-wriggle-300x223.jpg 300w, https:\/\/justprint.cz\/blog\/wp-content\/uploads\/max-3-wriggle-768x572.jpg 768w, https:\/\/justprint.cz\/blog\/wp-content\/uploads\/max-3-wriggle-585x435.jpg 585w\" sizes=\"(max-width: 899px) 100vw, 899px\" \/><figcaption>\u00a9 Ailish Beadle<\/figcaption><\/figure>\n\n\n\n<figure class=\"wp-block-image size-large\"><img width=\"1024\" height=\"490\" src=\"https:\/\/justprint.cz\/blog\/wp-content\/uploads\/max-1-styling-1024x490.jpg\" alt=\"\" class=\"wp-image-4025\" srcset=\"https:\/\/justprint.cz\/blog\/wp-content\/uploads\/max-1-styling-1024x490.jpg 1024w, https:\/\/justprint.cz\/blog\/wp-content\/uploads\/max-1-styling-300x144.jpg 300w, https:\/\/justprint.cz\/blog\/wp-content\/uploads\/max-1-styling-768x368.jpg 768w, https:\/\/justprint.cz\/blog\/wp-content\/uploads\/max-1-styling-1536x735.jpg 1536w, https:\/\/justprint.cz\/blog\/wp-content\/uploads\/max-1-styling-1170x560.jpg 1170w, https:\/\/justprint.cz\/blog\/wp-content\/uploads\/max-1-styling-585x280.jpg 585w, https:\/\/justprint.cz\/blog\/wp-content\/uploads\/max-1-styling.jpg 1920w\" sizes=\"(max-width: 1024px) 100vw, 1024px\" \/><figcaption>\u00a9 Devika Singh<\/figcaption><\/figure>\n\n\n\n<h2><a><\/a>Patkov\u00e1 p\u00edsma<\/h2>\n\n\n\n<p>Do p\u00edsma se vrac\u00ed klasika! Nadch\u00e1zej\u00edc\u00ed rok je \u010dasem \u201epatek\u201c, kter\u00e9 budou dominovat vizu\u00e1ln\u00ed identifikaci, obsahu na webov\u00fdch str\u00e1nk\u00e1ch a reklamn\u00edm materi\u00e1l\u016fm. Z\u00e1rodek tohoto trendu lze pozorovat ji\u017e v rebrandingu mnoha zna\u010dek, kter\u00e9 opou\u0161t\u011bj\u00ed minimalistickou, jednoduchou typografii, vracej\u00edc se ke klasice zn\u00e1m\u00e9 z <strong><a href=\"https:\/\/justprint.cz\/\" target=\"_blank\" rel=\"noopener nofollow\">ti\u0161t\u011bn\u00fdch publikac\u00ed<\/a><\/strong>. Patkov\u00e1 p\u00edsma evokuj\u00ed asociace souvisej\u00edc\u00ed s tradic\u00ed, stabilitou a pocitem bezpe\u010d\u00ed, tak\u017ee se osv\u011bd\u010d\u00ed tam, kde je d\u016fle\u017eit\u00e9 budov\u00e1n\u00ed d\u016fv\u011bry a dlouhodob\u00fdch vztah\u016f se skupinami p\u0159\u00edjemc\u016f. Volba patkov\u00e9ho p\u00edsma v dob\u011b, kdy je komunikace, kter\u00e1 se l\u00e9ta sna\u017e\u00ed o zjednodu\u0161en\u00ed, p\u0159esycena bezpatkov\u00fdmi typografiemi, je tak\u00e9 zp\u016fsob, jak vyniknout a dal\u0161\u00ed bod na stupnici originality.<\/p>\n\n\n\n<figure class=\"wp-block-gallery has-nested-images columns-default is-cropped\">\n<figure class=\"wp-block-image size-large\"><img width=\"1375\" height=\"936\" data-id=\"4043\"  src=\"https:\/\/justprint.cz\/blog\/wp-content\/uploads\/serif-1-kreol.jpg\" alt=\"\" class=\"wp-image-4043\" srcset=\"https:\/\/justprint.cz\/blog\/wp-content\/uploads\/serif-1-kreol.jpg 1375w, https:\/\/justprint.cz\/blog\/wp-content\/uploads\/serif-1-kreol-300x204.jpg 300w, https:\/\/justprint.cz\/blog\/wp-content\/uploads\/serif-1-kreol-1024x697.jpg 1024w, https:\/\/justprint.cz\/blog\/wp-content\/uploads\/serif-1-kreol-768x523.jpg 768w, https:\/\/justprint.cz\/blog\/wp-content\/uploads\/serif-1-kreol-1170x796.jpg 1170w, https:\/\/justprint.cz\/blog\/wp-content\/uploads\/serif-1-kreol-585x398.jpg 585w\" sizes=\"(max-width: 1375px) 100vw, 1375px\" \/><figcaption>\u00a9 Ren\u00e9 Bieder<\/figcaption><\/figure>\n\n\n\n<figure class=\"wp-block-image size-large\"><img width=\"964\" height=\"644\" data-id=\"4044\"  src=\"https:\/\/justprint.cz\/blog\/wp-content\/uploads\/serif-2-fitz-2.jpg\" alt=\"\" class=\"wp-image-4044\" srcset=\"https:\/\/justprint.cz\/blog\/wp-content\/uploads\/serif-2-fitz-2.jpg 964w, https:\/\/justprint.cz\/blog\/wp-content\/uploads\/serif-2-fitz-2-300x200.jpg 300w, https:\/\/justprint.cz\/blog\/wp-content\/uploads\/serif-2-fitz-2-768x513.jpg 768w, https:\/\/justprint.cz\/blog\/wp-content\/uploads\/serif-2-fitz-2-585x391.jpg 585w, https:\/\/justprint.cz\/blog\/wp-content\/uploads\/serif-2-fitz-2-263x175.jpg 263w\" sizes=\"(max-width: 964px) 100vw, 964px\" \/><figcaption>\u00a9 Creative Momentum<\/figcaption><\/figure>\n<\/figure>\n\n\n\n<figure class=\"wp-block-gallery has-nested-images columns-default is-cropped\">\n<figure class=\"wp-block-image size-full\"><img width=\"973\" height=\"647\" data-id=\"4045\"  src=\"https:\/\/justprint.cz\/blog\/wp-content\/uploads\/serif-3-quin.jpg\" alt=\"\" class=\"wp-image-4045\" srcset=\"https:\/\/justprint.cz\/blog\/wp-content\/uploads\/serif-3-quin.jpg 973w, https:\/\/justprint.cz\/blog\/wp-content\/uploads\/serif-3-quin-300x199.jpg 300w, https:\/\/justprint.cz\/blog\/wp-content\/uploads\/serif-3-quin-768x511.jpg 768w, https:\/\/justprint.cz\/blog\/wp-content\/uploads\/serif-3-quin-585x389.jpg 585w, https:\/\/justprint.cz\/blog\/wp-content\/uploads\/serif-3-quin-263x175.jpg 263w\" sizes=\"(max-width: 973px) 100vw, 973px\" \/><figcaption>\u00a9 Creatype Studio<\/figcaption><\/figure>\n<\/figure>\n\n\n\n<figure class=\"wp-block-gallery has-nested-images columns-default is-cropped\">\n<figure class=\"wp-block-image size-large\"><img width=\"707\" height=\"938\" data-id=\"4046\"  src=\"https:\/\/justprint.cz\/blog\/wp-content\/uploads\/serif-5-audela.jpg\" alt=\"\" class=\"wp-image-4046\" srcset=\"https:\/\/justprint.cz\/blog\/wp-content\/uploads\/serif-5-audela.jpg 707w, https:\/\/justprint.cz\/blog\/wp-content\/uploads\/serif-5-audela-226x300.jpg 226w, https:\/\/justprint.cz\/blog\/wp-content\/uploads\/serif-5-audela-585x776.jpg 585w\" sizes=\"(max-width: 707px) 100vw, 707px\" \/><figcaption>\u00a9 Plamen Motev &amp; Fontfabric Type Foundry<\/figcaption><\/figure>\n\n\n\n<figure class=\"wp-block-image size-large\"><img width=\"1122\" height=\"756\" data-id=\"4047\"  src=\"https:\/\/justprint.cz\/blog\/wp-content\/uploads\/serif-6-audela.jpg\" alt=\"\" class=\"wp-image-4047\" srcset=\"https:\/\/justprint.cz\/blog\/wp-content\/uploads\/serif-6-audela.jpg 1122w, https:\/\/justprint.cz\/blog\/wp-content\/uploads\/serif-6-audela-300x202.jpg 300w, https:\/\/justprint.cz\/blog\/wp-content\/uploads\/serif-6-audela-1024x690.jpg 1024w, https:\/\/justprint.cz\/blog\/wp-content\/uploads\/serif-6-audela-768x517.jpg 768w, https:\/\/justprint.cz\/blog\/wp-content\/uploads\/serif-6-audela-585x394.jpg 585w\" sizes=\"(max-width: 1122px) 100vw, 1122px\" \/><figcaption>\u00a9 Plamen Motev &amp; Fontfabric Type Foundry<\/figcaption><\/figure>\n<\/figure>\n\n\n\n<figure class=\"wp-block-gallery has-nested-images columns-default is-cropped\">\n<figure class=\"wp-block-image size-large\"><img width=\"1024\" height=\"684\" data-id=\"4042\"  src=\"https:\/\/justprint.cz\/blog\/wp-content\/uploads\/serif-7-nostalgia-1024x684.jpg\" alt=\"\" class=\"wp-image-4042\" srcset=\"https:\/\/justprint.cz\/blog\/wp-content\/uploads\/serif-7-nostalgia-1024x684.jpg 1024w, https:\/\/justprint.cz\/blog\/wp-content\/uploads\/serif-7-nostalgia-300x200.jpg 300w, https:\/\/justprint.cz\/blog\/wp-content\/uploads\/serif-7-nostalgia-768x513.jpg 768w, https:\/\/justprint.cz\/blog\/wp-content\/uploads\/serif-7-nostalgia-1170x781.jpg 1170w, https:\/\/justprint.cz\/blog\/wp-content\/uploads\/serif-7-nostalgia-585x391.jpg 585w, https:\/\/justprint.cz\/blog\/wp-content\/uploads\/serif-7-nostalgia-263x175.jpg 263w, https:\/\/justprint.cz\/blog\/wp-content\/uploads\/serif-7-nostalgia.jpg 1405w\" sizes=\"(max-width: 1024px) 100vw, 1024px\" \/><figcaption>\u00a9 Valentino Vergan &amp; Martin Katibi<\/figcaption><\/figure>\n<\/figure>\n\n\n\n<h2><a><\/a>Brutalismus<\/h2>\n\n\n\n<p>Nechyb\u00ed ani on! Kontroverzn\u00ed, ikonoklastick\u00fd a sout\u011b\u017eiv\u00fd. Brutalismus m\u00e1 p\u016fsobit syrov\u011b a n\u00e1hodn\u011b \u2013 jako nedokon\u010den\u00fd projekt a n\u011bkdy i kreativn\u00ed po\u010din \u010dlov\u011bka, kter\u00fd d\u011bl\u00e1 prvn\u00ed kr\u016f\u010dky ve sv\u011bt\u011b grafiky. Brutalismus bo\u0159\u00ed st\u011bny fantazie a umo\u017e\u0148uje projevit se t\u00e9m\u011b\u0159 bez omezen\u00ed, a proto po n\u011bm bude um\u011bleck\u00fd sv\u011bt a zna\u010dky st\u00e1le ochotn\u011bji sahat &#8211; k nen\u00e1visti purist\u016f a k radosti v\u0161ech osob z\u00e1visl\u00fdch na vych\u00e1zen\u00ed z komfortn\u00ed z\u00f3ny.<\/p>\n\n\n\n<figure class=\"wp-block-gallery has-nested-images columns-default is-cropped\">\n<figure class=\"wp-block-image size-large\"><img width=\"1103\" height=\"764\" data-id=\"4015\"  src=\"https:\/\/justprint.cz\/blog\/wp-content\/uploads\/brut-2-black-pig.jpg\" alt=\"\" class=\"wp-image-4015\" srcset=\"https:\/\/justprint.cz\/blog\/wp-content\/uploads\/brut-2-black-pig.jpg 1103w, https:\/\/justprint.cz\/blog\/wp-content\/uploads\/brut-2-black-pig-300x208.jpg 300w, https:\/\/justprint.cz\/blog\/wp-content\/uploads\/brut-2-black-pig-1024x709.jpg 1024w, https:\/\/justprint.cz\/blog\/wp-content\/uploads\/brut-2-black-pig-768x532.jpg 768w, https:\/\/justprint.cz\/blog\/wp-content\/uploads\/brut-2-black-pig-585x405.jpg 585w\" sizes=\"(max-width: 1103px) 100vw, 1103px\" \/><figcaption>\u00a9 Lucas Matheus<\/figcaption><\/figure>\n<\/figure>\n\n\n\n<figure class=\"wp-block-image size-large\"><img width=\"1024\" height=\"829\" src=\"https:\/\/justprint.cz\/blog\/wp-content\/uploads\/brut-1-tomm-1024x829.png\" alt=\"\" class=\"wp-image-4014\" srcset=\"https:\/\/justprint.cz\/blog\/wp-content\/uploads\/brut-1-tomm-1024x829.png 1024w, https:\/\/justprint.cz\/blog\/wp-content\/uploads\/brut-1-tomm-300x243.png 300w, https:\/\/justprint.cz\/blog\/wp-content\/uploads\/brut-1-tomm-768x622.png 768w, https:\/\/justprint.cz\/blog\/wp-content\/uploads\/brut-1-tomm-585x474.png 585w, https:\/\/justprint.cz\/blog\/wp-content\/uploads\/brut-1-tomm.png 1160w\" sizes=\"(max-width: 1024px) 100vw, 1024px\" \/><figcaption>\u00a9 Margarita Golubeva &amp; Butcher Studio<\/figcaption><\/figure>\n\n\n\n<figure class=\"wp-block-image size-large\"><img width=\"1024\" height=\"601\" src=\"https:\/\/justprint.cz\/blog\/wp-content\/uploads\/brut-3-fck-1024x601.jpg\" alt=\"\" class=\"wp-image-4016\" srcset=\"https:\/\/justprint.cz\/blog\/wp-content\/uploads\/brut-3-fck-1024x601.jpg 1024w, https:\/\/justprint.cz\/blog\/wp-content\/uploads\/brut-3-fck-300x176.jpg 300w, https:\/\/justprint.cz\/blog\/wp-content\/uploads\/brut-3-fck-768x451.jpg 768w, https:\/\/justprint.cz\/blog\/wp-content\/uploads\/brut-3-fck-585x343.jpg 585w, https:\/\/justprint.cz\/blog\/wp-content\/uploads\/brut-3-fck.jpg 1165w\" sizes=\"(max-width: 1024px) 100vw, 1024px\" \/><figcaption>\u00a9 Gabriella Szabo<\/figcaption><\/figure>\n\n\n\n<h2><a><\/a>Inkluzivita<\/h2>\n\n\n\n<p>Inkluzivita znamen\u00e1 inkluzi a jej\u00ed definice zahrnuje aspekty, jako je pohlav\u00ed, kultura, rasa, schopnosti a dostupnost. Hovo\u0159\u00edme-li o inkluzivit\u011b jako o trendu, stoj\u00ed za zm\u00ednku, \u017ee se tento fenom\u00e9n net\u00fdk\u00e1 pouze grafick\u00e9ho designu, ale komunikace obecn\u011b. Od t\u00e9 doby, co se sv\u011bt stal d\u00edky internetu glob\u00e1ln\u00ed vesnic\u00ed, jsme si v\u00edce v\u011bdomi na\u0161\u00ed rozmanitosti. Otev\u0159en\u00ed se na tuto problematiku v grafick\u00e9m designu ukazuje kr\u00e1su toho, k\u00fdm jsme jako lidstvo. Reprezentace zohled\u0148uj\u00edc\u00ed rozmanitost vytv\u00e1\u0159\u00ed prostor pro v\u011bt\u0161\u00ed po\u010det hlas\u016f, n\u00e1pad\u016f a perspektiv, kter\u00e9 z\u016fstaly po v\u011bt\u0161inu na\u0161\u00ed historie nepov\u0161imnuty. Ukazov\u00e1n\u00ed tohoto jako trendu v grafick\u00e9m designu signalizuje dobr\u00fd posun sm\u011brem k rozmanit\u011bj\u0161\u00edmu kulturn\u00edmu prost\u0159ed\u00ed a otev\u00edr\u00e1 dve\u0159e zna\u010dk\u00e1m k dialogu s nov\u00fdmi skupinami p\u0159\u00edjemc\u016f.<\/p>\n\n\n\n<figure class=\"wp-block-gallery has-nested-images columns-default is-cropped\">\n<figure class=\"wp-block-image size-large\"><img width=\"1024\" height=\"576\" data-id=\"4022\"  src=\"https:\/\/justprint.cz\/blog\/wp-content\/uploads\/inc-5-ta-loy-1024x576.jpg\" alt=\"\" class=\"wp-image-4022\" srcset=\"https:\/\/justprint.cz\/blog\/wp-content\/uploads\/inc-5-ta-loy-1024x576.jpg 1024w, https:\/\/justprint.cz\/blog\/wp-content\/uploads\/inc-5-ta-loy-300x169.jpg 300w, https:\/\/justprint.cz\/blog\/wp-content\/uploads\/inc-5-ta-loy-768x432.jpg 768w, https:\/\/justprint.cz\/blog\/wp-content\/uploads\/inc-5-ta-loy-1536x864.jpg 1536w, https:\/\/justprint.cz\/blog\/wp-content\/uploads\/inc-5-ta-loy-1170x658.jpg 1170w, https:\/\/justprint.cz\/blog\/wp-content\/uploads\/inc-5-ta-loy-585x329.jpg 585w, https:\/\/justprint.cz\/blog\/wp-content\/uploads\/inc-5-ta-loy.jpg 1670w\" sizes=\"(max-width: 1024px) 100vw, 1024px\" \/><figcaption>\u00a9 Kebs Lestrange<\/figcaption><\/figure>\n<\/figure>\n\n\n\n<figure class=\"wp-block-gallery has-nested-images columns-default is-cropped\">\n<figure class=\"wp-block-image size-large\"><img width=\"1024\" height=\"577\" data-id=\"4024\"  src=\"https:\/\/justprint.cz\/blog\/wp-content\/uploads\/inc-2-no-age-1024x577.jpg\" alt=\"\" class=\"wp-image-4024\" srcset=\"https:\/\/justprint.cz\/blog\/wp-content\/uploads\/inc-2-no-age-1024x577.jpg 1024w, https:\/\/justprint.cz\/blog\/wp-content\/uploads\/inc-2-no-age-300x169.jpg 300w, https:\/\/justprint.cz\/blog\/wp-content\/uploads\/inc-2-no-age-768x433.jpg 768w, https:\/\/justprint.cz\/blog\/wp-content\/uploads\/inc-2-no-age-585x330.jpg 585w, https:\/\/justprint.cz\/blog\/wp-content\/uploads\/inc-2-no-age.jpg 1165w\" sizes=\"(max-width: 1024px) 100vw, 1024px\" \/><figcaption>\u00a9 TONIC DNA, Marta Grasso, MARC-ALAIN GRENON<\/figcaption><\/figure>\n<\/figure>\n\n\n\n<figure class=\"wp-block-gallery has-nested-images columns-default is-cropped\">\n<figure class=\"wp-block-image size-large\"><img width=\"1024\" height=\"768\" data-id=\"4023\"  src=\"https:\/\/justprint.cz\/blog\/wp-content\/uploads\/inc-1-bazaar-1024x768.jpg\" alt=\"\" class=\"wp-image-4023\" srcset=\"https:\/\/justprint.cz\/blog\/wp-content\/uploads\/inc-1-bazaar-1024x768.jpg 1024w, https:\/\/justprint.cz\/blog\/wp-content\/uploads\/inc-1-bazaar-300x225.jpg 300w, https:\/\/justprint.cz\/blog\/wp-content\/uploads\/inc-1-bazaar-768x576.jpg 768w, https:\/\/justprint.cz\/blog\/wp-content\/uploads\/inc-1-bazaar-1170x877.jpg 1170w, https:\/\/justprint.cz\/blog\/wp-content\/uploads\/inc-1-bazaar-585x439.jpg 585w, https:\/\/justprint.cz\/blog\/wp-content\/uploads\/inc-1-bazaar.jpg 1255w\" sizes=\"(max-width: 1024px) 100vw, 1024px\" \/><figcaption>\u00a9 Poornhimaa S \/ fot. BAZAAR<\/figcaption><\/figure>\n<\/figure>\n\n\n\n<h2><a><\/a>Inspirace p\u0159\u00edrodou<\/h2>\n\n\n\n<p>Sv\u011bt grafiky nejednou dok\u00e1zal, \u017ee stoj\u00ed za to hovo\u0159it o tom, co je d\u016fle\u017eit\u00e9, a vypr\u00e1v\u011bn\u00ed pomoc\u00ed obr\u00e1zk\u016f m\u00e1 stejnou s\u00edlu jako slova. Krom\u011b soci\u00e1ln\u00edch ot\u00e1zek (v\u00fd\u0161e popsan\u00e1 inkluzivita), se zna\u010dky a kreativn\u00ed vesm\u00edr zam\u011b\u0159ily na p\u0159\u00edrodn\u00ed prost\u0159ed\u00ed, jeho\u017e degradace v pr\u016fb\u011bhu let postupuje a zd\u00e1 se, \u017ee rok od roku zrychluje. Na jedn\u00e9 stran\u011b inspirace p\u0159\u00edrodou v grafice znamenaj\u00ed vzd\u00e1t hold ekosyst\u00e9mu, bez kter\u00e9ho by \u010dlov\u011bk nemohl \u017e\u00edt, a na druh\u00e9 stran\u011b vyu\u017e\u00edt p\u0159\u00edle\u017eitosti upozornit na probl\u00e9my spojen\u00e9 s ekologi\u00ed \u010di ochranou \u017eivotn\u00edho prost\u0159ed\u00ed, o kter\u00fdch nikdy nebylo tak d\u016fle\u017eit\u00e9 hovo\u0159it, jak nyn\u00ed.<\/p>\n\n\n\n<figure class=\"wp-block-gallery has-nested-images columns-default is-cropped\">\n<figure class=\"wp-block-image size-large\"><img width=\"1024\" height=\"500\" data-id=\"4033\"  src=\"https:\/\/justprint.cz\/blog\/wp-content\/uploads\/nat-1-varne-1024x500.jpg\" alt=\"\" class=\"wp-image-4033\" srcset=\"https:\/\/justprint.cz\/blog\/wp-content\/uploads\/nat-1-varne-1024x500.jpg 1024w, https:\/\/justprint.cz\/blog\/wp-content\/uploads\/nat-1-varne-300x147.jpg 300w, https:\/\/justprint.cz\/blog\/wp-content\/uploads\/nat-1-varne-768x375.jpg 768w, https:\/\/justprint.cz\/blog\/wp-content\/uploads\/nat-1-varne-1536x750.jpg 1536w, https:\/\/justprint.cz\/blog\/wp-content\/uploads\/nat-1-varne-1170x572.jpg 1170w, https:\/\/justprint.cz\/blog\/wp-content\/uploads\/nat-1-varne-585x286.jpg 585w, https:\/\/justprint.cz\/blog\/wp-content\/uploads\/nat-1-varne.jpg 1920w\" sizes=\"(max-width: 1024px) 100vw, 1024px\" \/><figcaption>\u00a9 Mahmod Mowafy<\/figcaption><\/figure>\n<\/figure>\n\n\n\n<figure class=\"wp-block-gallery has-nested-images columns-default is-cropped\">\n<figure class=\"wp-block-image size-large\"><img width=\"1024\" height=\"510\" data-id=\"4032\"  src=\"https:\/\/justprint.cz\/blog\/wp-content\/uploads\/nat-3-isle-1024x510.jpg\" alt=\"\" class=\"wp-image-4032\" srcset=\"https:\/\/justprint.cz\/blog\/wp-content\/uploads\/nat-3-isle-1024x510.jpg 1024w, https:\/\/justprint.cz\/blog\/wp-content\/uploads\/nat-3-isle-300x149.jpg 300w, https:\/\/justprint.cz\/blog\/wp-content\/uploads\/nat-3-isle-768x383.jpg 768w, https:\/\/justprint.cz\/blog\/wp-content\/uploads\/nat-3-isle-1170x583.jpg 1170w, https:\/\/justprint.cz\/blog\/wp-content\/uploads\/nat-3-isle-585x291.jpg 585w, https:\/\/justprint.cz\/blog\/wp-content\/uploads\/nat-3-isle.jpg 1333w\" sizes=\"(max-width: 1024px) 100vw, 1024px\" \/><figcaption>\u00a9 My Creative<\/figcaption><\/figure>\n<\/figure>\n\n\n\n<figure class=\"wp-block-gallery has-nested-images columns-default is-cropped\">\n<figure class=\"wp-block-image size-full\"><img width=\"1009\" height=\"937\" data-id=\"4034\"  src=\"https:\/\/justprint.cz\/blog\/wp-content\/uploads\/nat-2-alvor.jpg\" alt=\"\" class=\"wp-image-4034\" srcset=\"https:\/\/justprint.cz\/blog\/wp-content\/uploads\/nat-2-alvor.jpg 1009w, https:\/\/justprint.cz\/blog\/wp-content\/uploads\/nat-2-alvor-300x279.jpg 300w, https:\/\/justprint.cz\/blog\/wp-content\/uploads\/nat-2-alvor-768x713.jpg 768w, https:\/\/justprint.cz\/blog\/wp-content\/uploads\/nat-2-alvor-585x543.jpg 585w\" sizes=\"(max-width: 1009px) 100vw, 1009px\" \/><figcaption>\u00a9 Walter Mattos, Batiza Naming Brands, Iure Figueira<\/figcaption><\/figure>\n<\/figure>\n\n\n\n<h2><a><\/a>Ru\u010dn\u00ed ilustrace<\/h2>\n\n\n\n<p>Posun k tradici se oz\u00fdv\u00e1 v mnoha nadch\u00e1zej\u00edc\u00edch trendech a hled\u00e1n\u00ed autenticity ve vizu\u00e1ln\u00ed komunikaci nez\u016fstane jen u patkov\u00fdch font\u016f. Posun k ru\u010dn\u011b vytv\u00e1\u0159en\u00fdm ilustrac\u00edm je dal\u0161\u00edm krokem v budov\u00e1n\u00ed p\u0159\u00e1telsk\u00e9 a v\u0159el\u00e9 image. Zna\u010dky, kter\u00e9 se zam\u011b\u0159uj\u00ed na personalizaci a individu\u00e1ln\u00ed p\u0159\u00edstup, budou s nad\u0161en\u00edm vyu\u017e\u00edvat tento n\u00e1stroj k projeven\u00ed empatie a budou se pokou\u0161et b\u00fdt bl\u00ed\u017ee lidem, kte\u0159\u00ed jim d\u016fv\u011b\u0159uj\u00ed. (1)<\/p>\n\n\n\n<figure class=\"wp-block-gallery has-nested-images columns-default is-cropped\">\n<figure class=\"wp-block-image size-large\"><img width=\"1024\" height=\"575\" data-id=\"4035\"  src=\"https:\/\/justprint.cz\/blog\/wp-content\/uploads\/rys-3-pavimento-1024x575.jpg\" alt=\"\" class=\"wp-image-4035\" srcset=\"https:\/\/justprint.cz\/blog\/wp-content\/uploads\/rys-3-pavimento-1024x575.jpg 1024w, https:\/\/justprint.cz\/blog\/wp-content\/uploads\/rys-3-pavimento-300x169.jpg 300w, https:\/\/justprint.cz\/blog\/wp-content\/uploads\/rys-3-pavimento-768x432.jpg 768w, https:\/\/justprint.cz\/blog\/wp-content\/uploads\/rys-3-pavimento-1536x863.jpg 1536w, https:\/\/justprint.cz\/blog\/wp-content\/uploads\/rys-3-pavimento-1170x657.jpg 1170w, https:\/\/justprint.cz\/blog\/wp-content\/uploads\/rys-3-pavimento-585x329.jpg 585w, https:\/\/justprint.cz\/blog\/wp-content\/uploads\/rys-3-pavimento.jpg 1600w\" sizes=\"(max-width: 1024px) 100vw, 1024px\" \/><figcaption>\u00a9 Crowl Design &amp; In\u00e1cio Eug\u00eanio<\/figcaption><\/figure>\n<\/figure>\n\n\n\n<figure class=\"wp-block-gallery has-nested-images columns-default is-cropped\">\n<figure class=\"wp-block-image size-large\"><img width=\"1409\" height=\"939\" data-id=\"4037\"  src=\"https:\/\/justprint.cz\/blog\/wp-content\/uploads\/rys-2-taste.jpg\" alt=\"\" class=\"wp-image-4037\" srcset=\"https:\/\/justprint.cz\/blog\/wp-content\/uploads\/rys-2-taste.jpg 1409w, https:\/\/justprint.cz\/blog\/wp-content\/uploads\/rys-2-taste-300x200.jpg 300w, https:\/\/justprint.cz\/blog\/wp-content\/uploads\/rys-2-taste-1024x682.jpg 1024w, https:\/\/justprint.cz\/blog\/wp-content\/uploads\/rys-2-taste-768x512.jpg 768w, https:\/\/justprint.cz\/blog\/wp-content\/uploads\/rys-2-taste-1170x780.jpg 1170w, https:\/\/justprint.cz\/blog\/wp-content\/uploads\/rys-2-taste-585x390.jpg 585w, https:\/\/justprint.cz\/blog\/wp-content\/uploads\/rys-2-taste-263x175.jpg 263w\" sizes=\"(max-width: 1409px) 100vw, 1409px\" \/><figcaption>\u00a9 Darling Visual Communications<\/figcaption><\/figure>\n\n\n\n<figure class=\"wp-block-image size-large\"><img width=\"1410\" height=\"940\" data-id=\"4036\"  src=\"https:\/\/justprint.cz\/blog\/wp-content\/uploads\/rys-1-monstra.jpg\" alt=\"\" class=\"wp-image-4036\" srcset=\"https:\/\/justprint.cz\/blog\/wp-content\/uploads\/rys-1-monstra.jpg 1410w, https:\/\/justprint.cz\/blog\/wp-content\/uploads\/rys-1-monstra-300x200.jpg 300w, https:\/\/justprint.cz\/blog\/wp-content\/uploads\/rys-1-monstra-1024x683.jpg 1024w, https:\/\/justprint.cz\/blog\/wp-content\/uploads\/rys-1-monstra-768x512.jpg 768w, https:\/\/justprint.cz\/blog\/wp-content\/uploads\/rys-1-monstra-1170x780.jpg 1170w, https:\/\/justprint.cz\/blog\/wp-content\/uploads\/rys-1-monstra-585x390.jpg 585w, https:\/\/justprint.cz\/blog\/wp-content\/uploads\/rys-1-monstra-263x175.jpg 263w\" sizes=\"(max-width: 1410px) 100vw, 1410px\" \/><figcaption>\u00a9 Filipe Lampejo &amp; Rita Davis<\/figcaption><\/figure>\n<\/figure>\n\n\n\n<p><strong>P\u0159e\u010dt\u011bte si rovn\u011b\u017e tento \u010dl\u00e1nek:<\/strong><\/p>\n\n\n\n<figure class=\"wp-block-embed is-type-wp-embed is-provider-justprint-cz-blog wp-block-embed-justprint-cz-blog\"><div class=\"wp-block-embed__wrapper\">\n<blockquote class=\"wp-embedded-content\" data-secret=\"ZU1I3hmKHm\"><a href=\"https:\/\/justprint.cz\/blog\/trendy-v-grafickem-designu-v-roce-2022\/\">Trendy v grafick\u00e9m designu v roce 2022<\/a><\/blockquote><iframe class=\"wp-embedded-content\" sandbox=\"allow-scripts\" security=\"restricted\" style=\"position: absolute; clip: rect(1px, 1px, 1px, 1px);\" title=\"&#8222;Trendy v grafick\u00e9m designu v roce 2022&#8221; &#8212; Justprint.cz Blog\" src=\"https:\/\/justprint.cz\/blog\/trendy-v-grafickem-designu-v-roce-2022\/embed\/#?secret=qP9ilEJwQ8#?secret=ZU1I3hmKHm\" data-secret=\"ZU1I3hmKHm\" width=\"600\" height=\"338\" frameborder=\"0\" marginwidth=\"0\" marginheight=\"0\" scrolling=\"no\"><\/iframe>\n<\/div><\/figure>\n\n\n\n<p>(1) Podle zpr\u00e1vy Adobe Trust Report 72% spot\u0159ebitel\u016f tvrd\u00ed, \u017ee nedostate\u010dn\u00e1 personalizace sni\u017euje jejich d\u016fv\u011bru ve zna\u010dky.<\/p>\n\n\n\n<p><strong>Zdroje grafiky:<\/strong><\/p>\n\n\n\n<p>https:\/\/www.behance.net\/gallery\/100628833\/Pedro-Manhaes-Arq-Identidade-Visual?tracking_source=search_projects%7Cgeometric<br>https:\/\/www.behance.net\/gallery\/139148395\/Collage-Art-I-Armenian-Poets?tracking_source=search_projects%7Cgeometric<br>https:\/\/www.behance.net\/gallery\/137188363\/PosterLad-2021-series-Month-12?tracking_source=search_projects%7Cgeometric<\/p>\n\n\n\n<p>https:\/\/www.behance.net\/gallery\/153688469\/DESTROY-MUTANT-MASHUP?tracking_source=search_projects%7Csurrealism<br>https:\/\/www.behance.net\/gallery\/153116439\/Li-ning-x-Way-of-Wade-Be-A-Dreamer-Series?tracking_source=search_projects%7Csurrealism<br>https:\/\/www.behance.net\/gallery\/112467475\/Desiguales-Vice?tracking_source=search_projects%7Csurrealism<br>https:\/\/www.behance.net\/gallery\/146972255\/La-Citta-Sensoriale?tracking_source=search_projects%7Cla%20citta<\/p>\n\n\n\n<p>https:\/\/www.behance.net\/gallery\/117251781\/Keron-Brand-Identity?tracking_source=search_projects%7Cminimalism<br>https:\/\/www.behance.net\/gallery\/151484215\/Meu-Mercadinho-Teatro-Comunidade?tracking_source=search_projects%7Ccolorful%20minimalism<br>https:\/\/www.behance.net\/gallery\/113240661\/Finn?tracking_source=search_projects%7Cminimalism<br>https:\/\/www.behance.net\/gallery\/66382241\/Ochaya-Matcha?tracking_source=search_projects%7Cminimalism<br>https:\/\/www.behance.net\/gallery\/143805319\/minimalism?tracking_source=search_projects%7Cminimalism<\/p>\n\n\n\n<p>https:\/\/www.behance.net\/gallery\/146766881\/Fashion-Styling-Positive-Maximalism?tracking_source=search_projects%7Cmaximalism<br>https:\/\/www.behance.net\/gallery\/112268727\/Mindfuless-A-Report-on-the-Future-of-Mindfulness?tracking_source=search_projects%7Cmaximalism<\/p>\n\n\n\n<p>https:\/\/www.behance.net\/gallery\/153521247\/Kreol-Font-Family?tracking_source=search_projects%7Cserif<br>https:\/\/www.behance.net\/gallery\/145266303\/Fitzgerald-Classic-Retro-Serif-Font?tracking_source=search_projects%7Cserif<br>https:\/\/www.behance.net\/gallery\/121775347\/QUINLLIYK-RETRO-SERIF-FREE-FONT?tracking_source=search_projects%7Cserif<br>https:\/\/www.behance.net\/gallery\/147000795\/Audela-Font-Family?tracking_source=search_projects%7Cserif<br>https:\/\/www.behance.net\/gallery\/148755621\/Beautiful-Nostalgia-Typeface?tracking_source=search_projects%7Cserif<\/p>\n\n\n\n<p>https:\/\/www.behance.net\/gallery\/152349205\/Biography-longread-TOMM-ASH?tracking_source=search_projects%7Cbrutalism<br>https:\/\/www.behance.net\/gallery\/96755907\/Black-Pig?tracking_source=search_projects%7Cbrutalism<br>https:\/\/www.behance.net\/gallery\/129334597\/FCK-FAST-FASHION-Awareness-Campaign?tracking_source=search_projects%7Cbrutalism<\/p>\n\n\n\n<p>https:\/\/www.behance.net\/gallery\/152543601\/ACCEPTANCE-A-COMMENTARY-ON-INCLUSIVITY?tracking_source=search_projects%7Cinclusivity<br>https:\/\/www.behance.net\/gallery\/120729431\/MOVEINMAY?tracking_source=search_projects%7Cinclusivity<br>https:\/\/www.behance.net\/gallery\/131846849\/Tai-Loy-Dia-de-la-Diversidad-e-Inclusion?tracking_source=search_projects%7Cinclusion<\/p>\n\n\n\n<p>https:\/\/www.behance.net\/gallery\/151384173\/VARNE?tracking_source=search_projects%7Cnature<br>https:\/\/www.behance.net\/gallery\/135851665\/Alvor?tracking_source=search_projects%7Cnature<br>https:\/\/www.behance.net\/gallery\/153512647\/Eas-Fors-Isle-of-Mull-Knit?tracking_source=search_projects%7Cnature<\/p>\n\n\n\n<p>https:\/\/www.behance.net\/gallery\/151979257\/Mostra-Cine-Cidade?tracking_source=search_projects%7Chanded%20drawing<\/p>\n\n\n\n<p>https:\/\/www.behance.net\/gallery\/124875279\/The-Taste-Therapy?tracking_source=search_projects%7Chanded%20drawing<br>https:\/\/www.behance.net\/gallery\/119612551\/pavimento-Branding-Illustrations?tracking_source=search_projects%7Chanded%20drawing%20branding<\/p>\n","protected":false},"excerpt":{"rendered":"<p>D\u00e1 se \u0159\u00edci, \u017ee je to ji\u017e tradice! Na na\u0161em blogu se pr\u00e1v\u011b objevil seznam nejzaj\u00edmav\u011bj\u0161\u00edch trend\u016f v grafice, p\u0159edpov\u011b\u010f na nadch\u00e1zej\u00edc\u00ed rok. \u010ct\u011bte, prohl\u00ed\u017eejte si a pou\u017e\u00edvejte p\u0159i pl\u00e1nov\u00e1n\u00ed&hellip;<\/p>\n","protected":false},"author":1,"featured_media":4017,"comment_status":"open","ping_status":"open","sticky":false,"template":"","format":"standard","meta":[],"categories":[36,37,35],"tags":[169,43,114],"aioseo_notices":[],"_links":{"self":[{"href":"https:\/\/justprint.cz\/blog\/wp-json\/wp\/v2\/posts\/4048"}],"collection":[{"href":"https:\/\/justprint.cz\/blog\/wp-json\/wp\/v2\/posts"}],"about":[{"href":"https:\/\/justprint.cz\/blog\/wp-json\/wp\/v2\/types\/post"}],"author":[{"embeddable":true,"href":"https:\/\/justprint.cz\/blog\/wp-json\/wp\/v2\/users\/1"}],"replies":[{"embeddable":true,"href":"https:\/\/justprint.cz\/blog\/wp-json\/wp\/v2\/comments?post=4048"}],"version-history":[{"count":6,"href":"https:\/\/justprint.cz\/blog\/wp-json\/wp\/v2\/posts\/4048\/revisions"}],"predecessor-version":[{"id":4369,"href":"https:\/\/justprint.cz\/blog\/wp-json\/wp\/v2\/posts\/4048\/revisions\/4369"}],"wp:featuredmedia":[{"embeddable":true,"href":"https:\/\/justprint.cz\/blog\/wp-json\/wp\/v2\/media\/4017"}],"wp:attachment":[{"href":"https:\/\/justprint.cz\/blog\/wp-json\/wp\/v2\/media?parent=4048"}],"wp:term":[{"taxonomy":"category","embeddable":true,"href":"https:\/\/justprint.cz\/blog\/wp-json\/wp\/v2\/categories?post=4048"},{"taxonomy":"post_tag","embeddable":true,"href":"https:\/\/justprint.cz\/blog\/wp-json\/wp\/v2\/tags?post=4048"}],"curies":[{"name":"wp","href":"https:\/\/api.w.org\/{rel}","templated":true}]}}