{"id":2774,"date":"2021-09-08T14:43:03","date_gmt":"2021-09-08T12:43:03","guid":{"rendered":"https:\/\/justprint.cz\/blog\/?p=2774"},"modified":"2021-09-08T14:43:07","modified_gmt":"2021-09-08T12:43:07","slug":"vse-pro-kancelar-sestavte-idealni-sadu","status":"publish","type":"post","link":"https:\/\/justprint.cz\/blog\/vse-pro-kancelar-sestavte-idealni-sadu\/","title":{"rendered":"V\u0161e pro kancel\u00e1\u0159. Sestavte ide\u00e1ln\u00ed sadu"},"content":{"rendered":"\n<p>To, \u017ee v\nkancel\u00e1\u0159i str\u00e1v\u00edte v\u011bt\u0161inu \u010dasu u kancel\u00e1\u0159e neznamen\u00e1, \u017ee k pr\u00e1ci pot\u0159ebujete\npouze kl\u00e1vesnici, my\u0161 a monitor. Pod\u00edvejte se, co dal\u0161\u00edho se m\u016f\u017ee hodit v\nka\u017edodenn\u00ed, kancel\u00e1\u0159sk\u00e9 pr\u00e1ci a jak to m\u016f\u017eete dodate\u010dn\u011b vyu\u017e\u00edt nap\u0159\u00edklad pro\n\u00fa\u010dely image.<\/p>\n\n\n\n<!--more-->\n\n\n\n<h2><strong>Zaznamen\u00e1vejte, organizujte, prezentujte<\/strong><\/h2>\n\n\n\n<p>\u0158\u00edk\u00e1 se, \u017ee\npap\u00edr obs\u00e1hne v\u0161e. Proto se vyplat\u00ed m\u00edt po ruce takov\u00e9 p\u0159\u00edslu\u0161enstv\u00ed, jako je\npozn\u00e1mkov\u00fd blok, hlavi\u010dkov\u00fd pap\u00edr nebo pero, abyste mohli listy zaplnit obsahem.<\/p>\n\n\n\n<h2><strong>Propisky a pera podle vlastn\u00edho designu<\/strong><\/h2>\n\n\n\n<p>Kovov\u00e9 <a rel=\"noreferrer noopener\" aria-label=\"propisky (otwiera si\u0119 na nowej zak\u0142adce)\" href=\"https:\/\/justprint.cz\/produkty\/reklamni-propisky-a-pera\" target=\"_blank\"><strong>propisky<\/strong><\/a> s ryt\u00edm jsou jednou z nej\u00fa\u010dinn\u011bj\u0161\u00edch propaga\u010dn\u00edch pom\u016fcek a \u0161pi\u010dkov\u00fdm p\u0159edm\u011btem na pr\u016fmyslov\u00fdch akc\u00edch nebo v\u00fdstav\u00e1ch. Ty, kter\u00e9 najdete v nab\u00eddce Justprint, maj\u00ed klasick\u00fd tvar &#8211; s elegantn\u00edmi chromovan\u00fdmi prvky a \u00fazkou sponou. Produkt bude skv\u011bl\u00fdm dopl\u0148kem hlavi\u010dkov\u00e9ho pap\u00edru, slo\u017eky a nebo pozn\u00e1mkov\u00e9ho bloku.<\/p>\n\n\n\n<p>Klikn\u011bte na banner a zkontrolujte nab\u00eddku \ud83d\udc47<\/p>\n\n\n\n<figure class=\"wp-block-image\"><a href=\"https:\/\/justprint.cz\/kovove-kulickove-pero-s-chromovanymi-prvky\" target=\"_blank\" rel=\"noreferrer noopener\"><img width=\"1024\" height=\"429\" src=\"https:\/\/justprint.cz\/blog\/wp-content\/uploads\/baner_dlugopis_chromowany_CZ-1-1024x429.jpg\" alt=\"propisky a pera s potiskem\" class=\"wp-image-2792\" srcset=\"https:\/\/justprint.cz\/blog\/wp-content\/uploads\/baner_dlugopis_chromowany_CZ-1-1024x429.jpg 1024w, https:\/\/justprint.cz\/blog\/wp-content\/uploads\/baner_dlugopis_chromowany_CZ-1-300x126.jpg 300w, https:\/\/justprint.cz\/blog\/wp-content\/uploads\/baner_dlugopis_chromowany_CZ-1-768x322.jpg 768w, https:\/\/justprint.cz\/blog\/wp-content\/uploads\/baner_dlugopis_chromowany_CZ-1.jpg 1170w, https:\/\/justprint.cz\/blog\/wp-content\/uploads\/baner_dlugopis_chromowany_CZ-1-585x245.jpg 585w\" sizes=\"(max-width: 1024px) 100vw, 1024px\" \/><\/a><\/figure>\n\n\n\n<h2><strong>Po\u0159ada\u010de s potiskem<\/strong><\/h2>\n\n\n\n<p>Voln\u00e9 listy\njsou v po\u0159\u00e1dku, dokud nen\u00ed nutn\u00e9 naj\u00edt na nich n\u011bjakou konkr\u00e9tn\u00ed informaci. V\ntakov\u00fdch situac\u00edch m\u016f\u017ee po\u0159ada\u010d u\u010dinit \u017eivot jednodu\u0161\u0161\u00edm. Pokud na n\u011b um\u00edst\u00edte\nprvky brandingu, zm\u011bn\u00edte standardn\u00ed po\u0159ada\u010d a dod\u00e1te mu profesion\u00e1ln\u00ed viz\u00e1\u017e a\nsjednot\u00edte vizu\u00e1ln\u00ed identifikaci, co\u017e m\u016f\u017ee p\u016fsobit ve prosp\u011bch zna\u010dky, zvl\u00e1\u0161t\u011b\nv situaci, kdy se v kancel\u00e1\u0159i setk\u00e1v\u00e1te s osobami, kter\u00e9 se v n\u00ed nevyskytuj\u00ed a\nchcete na n\u011b ud\u011blat dobr\u00fd dojem.<\/p>\n\n\n\n<p>V nab\u00eddce\njustprint.cz najdete po\u0159ada\u010d:<\/p>\n\n\n\n<ul><li>s 2-krou\u017ekovou mechanikou<\/li><li>s 2-krou\u017ekovou mechanikou a uz\u00e1v\u011brem<\/li><li>s 4-krou\u017ekovou mechanikou<\/li><li>s p\u00e1kovou mechanikou<\/li><\/ul>\n\n\n\n<p>Krom\u011b toho m\u00e1te mo\u017enost zu\u0161lechtit obal f\u00f3li\u00ed a parci\u00e1ln\u00edm UV lakem, tak\u017ee se s designem m\u016f\u017eete skute\u010dn\u011b vy\u0159\u00e1dit!<\/p>\n\n\n\n<p>V\u00edce o po\u0159ada\u010d\u00edch <a rel=\"noreferrer noopener\" aria-label=\"zde (otwiera si\u0119 na nowej zak\u0142adce)\" href=\"https:\/\/justprint.cz\/produkty\/poradace\" target=\"_blank\"><strong>zde<\/strong><\/a><\/p>\n\n\n\n<ul class=\"wp-block-gallery columns-2 is-cropped\"><li class=\"blocks-gallery-item\"><figure><img width=\"369\" height=\"425\" src=\"https:\/\/justprint.cz\/blog\/wp-content\/uploads\/segregator-2ringowy.jpg\" alt=\"Po\u0159ada\u010de s potiskem\" data-id=\"2787\" data-link=\"https:\/\/justprint.cz\/blog\/segregator-2ringowy\/\" class=\"wp-image-2787\" srcset=\"https:\/\/justprint.cz\/blog\/wp-content\/uploads\/segregator-2ringowy.jpg 369w, https:\/\/justprint.cz\/blog\/wp-content\/uploads\/segregator-2ringowy-260x300.jpg 260w\" sizes=\"(max-width: 369px) 100vw, 369px\" \/><\/figure><\/li><li class=\"blocks-gallery-item\"><figure><img width=\"561\" height=\"425\" src=\"https:\/\/justprint.cz\/blog\/wp-content\/uploads\/segregator-2ringowy-2.jpg\" alt=\"Po\u0159ada\u010de s potiskem\" data-id=\"2786\" data-link=\"https:\/\/justprint.cz\/blog\/segregator-2ringowy-2\/\" class=\"wp-image-2786\" srcset=\"https:\/\/justprint.cz\/blog\/wp-content\/uploads\/segregator-2ringowy-2.jpg 561w, https:\/\/justprint.cz\/blog\/wp-content\/uploads\/segregator-2ringowy-2-300x227.jpg 300w\" sizes=\"(max-width: 561px) 100vw, 561px\" \/><\/figure><\/li><\/ul>\n\n\n\n<h2><strong>Psac\u00ed podlo\u017eky &#8211; prezentujte s t\u0159\u00eddou!<\/strong><\/h2>\n\n\n\n<p>Psac\u00ed podlo\u017eka je pevn\u00e1 a usnadn\u00ed zaznamen\u00e1v\u00e1n\u00ed pozn\u00e1mek b\u011bhem \u0161kolen\u00ed, cest nebo setk\u00e1n\u00ed se z\u00e1kazn\u00edkem. Jedn\u00e1 se tak\u00e9 o velmi praktick\u00fd reklamn\u00ed nosi\u010d. D\u00edky mo\u017enosti oboustrann\u00e9ho, barevn\u00e9ho potisku (n\u00e1lepky a p\u0159eds\u00e1dky) na n\u00ed vytisknete velmi nev\u0161edn\u00ed projekty.<\/p>\n\n\n\n<p>Psac\u00ed podlo\u017eka m\u016f\u017ee b\u00fdt tak\u00e9 u\u017eite\u010dn\u00fdm reklamn\u00edm p\u0159edm\u011btem! V nab\u00eddce justprint najdete klasick\u00e9 i uzamykateln\u00e9 vzory (co\u017e znamen\u00e1 v\u00edce povrchu k potisku!).<\/p>\n\n\n\n<p>V\u00edce o tomto produktu <a rel=\"noreferrer noopener\" aria-label=\"zde (otwiera si\u0119 na nowej zak\u0142adce)\" href=\"https:\/\/justprint.cz\/produkty\/psaci-podlozky-s-klipem\" target=\"_blank\"><strong>zde<\/strong><\/a><\/p>\n\n\n\n<ul class=\"wp-block-gallery columns-2 is-cropped\"><li class=\"blocks-gallery-item\"><figure><img width=\"561\" height=\"425\" src=\"https:\/\/justprint.cz\/blog\/wp-content\/uploads\/clipboard-2.jpg\" alt=\"Psac\u00ed podlo\u017eky s klipem\" data-id=\"2777\" data-link=\"https:\/\/justprint.cz\/blog\/clipboard-2\/\" class=\"wp-image-2777\" srcset=\"https:\/\/justprint.cz\/blog\/wp-content\/uploads\/clipboard-2.jpg 561w, https:\/\/justprint.cz\/blog\/wp-content\/uploads\/clipboard-2-300x227.jpg 300w\" sizes=\"(max-width: 561px) 100vw, 561px\" \/><\/figure><\/li><li class=\"blocks-gallery-item\"><figure><img width=\"369\" height=\"425\" src=\"https:\/\/justprint.cz\/blog\/wp-content\/uploads\/clipboard-1.jpg\" alt=\"Psac\u00ed podlo\u017eky s klipem\" data-id=\"2776\" data-link=\"https:\/\/justprint.cz\/blog\/clipboard-1\/\" class=\"wp-image-2776\" srcset=\"https:\/\/justprint.cz\/blog\/wp-content\/uploads\/clipboard-1.jpg 369w, https:\/\/justprint.cz\/blog\/wp-content\/uploads\/clipboard-1-260x300.jpg 260w\" sizes=\"(max-width: 369px) 100vw, 369px\" \/><\/figure><\/li><\/ul>\n\n\n\n<h2><strong>Slo\u017eky v r\u016fzn\u00fdch variant\u00e1ch<\/strong><\/h2>\n\n\n\n<p>Reklamn\u00ed\nslo\u017eky umo\u017en\u00ed nejen ukl\u00e1d\u00e1n\u00ed dokument\u016f, ale jsou tak\u00e9 vhodn\u00e9 jako vazba pro\nkomer\u010dn\u00ed nab\u00eddku nebo v\u00fdukov\u00e9 materi\u00e1ly. Pokud neust\u00e1le pracujete s pap\u00edrem a\nst\u00e1le se v\u00e1m nepoda\u0159ilo p\u0159en\u00e9st v\u0161e do cloudu, p\u0159em\u00fd\u0161lejte o slo\u017ek\u00e1ch jako o\nzp\u016fsobu ukl\u00e1d\u00e1n\u00ed dokument\u016f a metod\u011b efektivn\u00edho brandingu. Prospekt vlo\u017een\u00fd do\nslo\u017eky na obchodn\u00ed sch\u016fzce bude vypadat rozhodn\u011b elegantn\u011bji ne\u017e voln\u00fd bal\u00ed\u010dek\ndokument\u016f. Z hlediska designu je z \u010deho vyb\u00edrat! Od standardn\u00edch slo\u017eek a\u017e po\npr\u00e9miov\u00e9 s gumi\u010dkou nebo bez a r\u016fznou \u0161\u00ed\u0159kou bigu. A pro dosa\u017een\u00ed wow efektu\nm\u00e1te tak\u00e9 v\u00fdb\u011br zu\u0161lech\u0165ov\u00e1n\u00ed.<\/p>\n\n\n\n<p>Nab\u00eddku slo\u017eek najdete <a rel=\"noreferrer noopener\" aria-label=\"zde (otwiera si\u0119 na nowej zak\u0142adce)\" href=\"https:\/\/justprint.cz\/produkty\/slozky\" target=\"_blank\"><strong>zde<\/strong><\/a><\/p>\n\n\n\n<ul class=\"wp-block-gallery columns-2 is-cropped\"><li class=\"blocks-gallery-item\"><figure><img width=\"369\" height=\"425\" src=\"https:\/\/justprint.cz\/blog\/wp-content\/uploads\/teczka-z-nadrukiem.jpg\" alt=\"Slo\u017eky na dokumenty\" data-id=\"2789\" data-link=\"https:\/\/justprint.cz\/blog\/teczka-z-nadrukiem\/\" class=\"wp-image-2789\" srcset=\"https:\/\/justprint.cz\/blog\/wp-content\/uploads\/teczka-z-nadrukiem.jpg 369w, https:\/\/justprint.cz\/blog\/wp-content\/uploads\/teczka-z-nadrukiem-260x300.jpg 260w\" sizes=\"(max-width: 369px) 100vw, 369px\" \/><\/figure><\/li><li class=\"blocks-gallery-item\"><figure><img width=\"369\" height=\"425\" src=\"https:\/\/justprint.cz\/blog\/wp-content\/uploads\/teczka-standard.jpg\" alt=\"Slo\u017eky na dokumenty\" data-id=\"2788\" data-link=\"https:\/\/justprint.cz\/blog\/teczka-standard\/\" class=\"wp-image-2788\" srcset=\"https:\/\/justprint.cz\/blog\/wp-content\/uploads\/teczka-standard.jpg 369w, https:\/\/justprint.cz\/blog\/wp-content\/uploads\/teczka-standard-260x300.jpg 260w\" sizes=\"(max-width: 369px) 100vw, 369px\" \/><\/figure><\/li><\/ul>\n\n\n\n<h2><strong>Hlavi\u010dkov\u00fd pap\u00edr<\/strong><\/h2>\n\n\n\n<p>\u00dasp\u011bch\nspole\u010dnosti? M\u00e1te k tomu pap\u00edr, kter\u00fd skv\u011ble zapad\u00e1 do firemn\u00edch slo\u017eek!<\/p>\n\n\n\n<p>Rozhodn\u011bte se,\nzda d\u00e1v\u00e1te p\u0159ednost univerz\u00e1ln\u00edmu form\u00e1tu A4 nebo praktick\u00e9mu form\u00e1tu A5 a\nvytvo\u0159te hlavi\u010dkov\u00fd pap\u00edr, kter\u00fd pot\u011b\u0161\u00ed a pracuje na image va\u0161\u00ed zna\u010dky! V\u00fdhody\nvlastnictv\u00ed hlavi\u010dkov\u00fdch pap\u00edr\u016f najdete n\u00ed\u017ee. S t\u011bmito argumenty bude t\u011b\u017ek\u00e9\ndiskutovat!<\/p>\n\n\n\n<p>Hlavi\u010dkov\u00fd\npap\u00edr je must have, pokud m\u00e1te z\u00e1jem vytvo\u0159it pozitivn\u00ed image spole\u010dnosti nebo\nzna\u010dky. Tento nen\u00e1padn\u00fd polygrafick\u00fd detail by m\u011bl b\u00fdt absolutn\u011b na seznamu\npl\u00e1novan\u00fdch v\u00fdtisk\u016f.<\/p>\n\n\n\n<p>Vyberte si z mnoha mo\u017enost\u00ed &#8211; od v\u00fdtisku v pln\u00fdch barv\u00e1ch a\u017e po perforaci, \u0159ez\u00e1n\u00ed pap\u00edru, vybran\u00fd form\u00e1t a dokonce i vytv\u00e1\u0159en\u00ed v\u00edce \u0161ablon v jedn\u00e9 objedn\u00e1vce. \u0160irok\u00e1 \u0161k\u00e1la mo\u017enost\u00ed v\u00e1m pom\u016f\u017ee vyj\u00edt vst\u0159\u00edc vlastn\u00ed kreativit\u011b a vytvo\u0159it projekt, kter\u00fd se bude profesion\u00e1ln\u011b prezentovat a hrd\u011b slou\u017eit jako druh vizitky spole\u010dnosti!<\/p>\n\n\n\n<p>Podrobnosti jsou k dispozici <a rel=\"noreferrer noopener\" aria-label=\"zde (otwiera si\u0119 na nowej zak\u0142adce)\" href=\"https:\/\/justprint.cz\/hlavickovy_papir\" target=\"_blank\"><strong>zde<\/strong><\/a><\/p>\n\n\n\n<ul class=\"wp-block-gallery columns-2 is-cropped\"><li class=\"blocks-gallery-item\"><figure><img width=\"561\" height=\"425\" src=\"https:\/\/justprint.cz\/blog\/wp-content\/uploads\/papier-firmowy-druk.jpg\" alt=\" Hlavi\u010dkov\u00fd pap\u00edr\" data-id=\"2782\" data-link=\"https:\/\/justprint.cz\/blog\/papier-firmowy-druk\/\" class=\"wp-image-2782\" srcset=\"https:\/\/justprint.cz\/blog\/wp-content\/uploads\/papier-firmowy-druk.jpg 561w, https:\/\/justprint.cz\/blog\/wp-content\/uploads\/papier-firmowy-druk-300x227.jpg 300w\" sizes=\"(max-width: 561px) 100vw, 561px\" \/><\/figure><\/li><li class=\"blocks-gallery-item\"><figure><img width=\"561\" height=\"425\" src=\"https:\/\/justprint.cz\/blog\/wp-content\/uploads\/papier-firmowy.jpg\" alt=\" Hlavi\u010dkov\u00fd pap\u00edr\" data-id=\"2783\" data-link=\"https:\/\/justprint.cz\/blog\/papier-firmowy\/\" class=\"wp-image-2783\" srcset=\"https:\/\/justprint.cz\/blog\/wp-content\/uploads\/papier-firmowy.jpg 561w, https:\/\/justprint.cz\/blog\/wp-content\/uploads\/papier-firmowy-300x227.jpg 300w\" sizes=\"(max-width: 561px) 100vw, 561px\" \/><\/figure><\/li><\/ul>\n\n\n\n<h2><strong>Bloky<\/strong><\/h2>\n\n\n\n<p>O bloc\u00edch by bylo mo\u017en\u00e9 napsat samostatn\u00fd \u010dl\u00e1nek &#8211; nab\u00eddka justprint.cz je natolik bohat\u00e1 a nab\u00edz\u00ed takov\u00e9 mno\u017estv\u00ed variant tohoto v\u00fdrobku, \u017ee pro shrnut\u00ed v\u0161echn v\u00fdhod, kter\u00e9 na v\u00e1s \u010dekaj\u00ed v kategorii bloky, nesta\u010d\u00ed jeden odstavec.<\/p>\n\n\n\n<p>Firemn\u00ed bloky jsou nepostradateln\u00e9 v kancel\u00e1\u0159i, na \u00fa\u0159ad\u011b, na v\u00fdstav\u00e1ch nebo konferenc\u00edch. Reklamn\u00ed notes m\u016f\u017eete doplnit libovoln\u00fdm logem, textem a barvami zna\u010dky. Kreativn\u00ed design bloku p\u0159im\u011bje z\u00e1kazn\u00edky, aby se na n\u011bj zam\u011b\u0159ili, a pou\u017eit\u00e1 vizu\u00e1ln\u00ed identifikace jim zapadne do pam\u011bti. Na v\u00fdb\u011br m\u00e1te lepen\u00e9 bloky s obalem, bez obalu, bloky se spir\u00e1lou a mimo\u0159\u00e1dn\u011b praktick\u00e9 samolep\u00edc\u00ed <a rel=\"noreferrer noopener\" aria-label=\"pozn\u00e1mkov\u00e9 bloky (otwiera si\u0119 na nowej zak\u0142adce)\" href=\"https:\/\/justprint.cz\/lepeny_blok_bez_obalu\" target=\"_blank\"><strong>pozn\u00e1mkov\u00e9 bloky<\/strong><\/a>.<\/p>\n\n\n\n<p>Pod\u00edvejte se na kompletn\u00ed sortiment pozn\u00e1mkov\u00fdch blok\u016f <a rel=\"noreferrer noopener\" aria-label=\"zde (otwiera si\u0119 na nowej zak\u0142adce)\" href=\"https:\/\/justprint.cz\/produkty\/bloky\" target=\"_blank\"><strong>zde<\/strong><\/a><\/p>\n\n\n\n<ul class=\"wp-block-gallery columns-2 is-cropped\"><li class=\"blocks-gallery-item\"><figure><img width=\"561\" height=\"425\" src=\"https:\/\/justprint.cz\/blog\/wp-content\/uploads\/notes-z-ok\u0142adk\u0105.png\" alt=\"Reklamn\u00ed bloky s potiskem\" data-id=\"2781\" data-link=\"https:\/\/justprint.cz\/blog\/notes-z-okladka\/\" class=\"wp-image-2781\" srcset=\"https:\/\/justprint.cz\/blog\/wp-content\/uploads\/notes-z-ok\u0142adk\u0105.png 561w, https:\/\/justprint.cz\/blog\/wp-content\/uploads\/notes-z-ok\u0142adk\u0105-300x227.png 300w\" sizes=\"(max-width: 561px) 100vw, 561px\" \/><\/figure><\/li><li class=\"blocks-gallery-item\"><figure><img width=\"561\" height=\"425\" src=\"https:\/\/justprint.cz\/blog\/wp-content\/uploads\/notes-samoprzylepny.jpg\" alt=\"Reklamn\u00ed bloky s potiskem\" data-id=\"2780\" data-link=\"https:\/\/justprint.cz\/blog\/notes-samoprzylepny\/\" class=\"wp-image-2780\" srcset=\"https:\/\/justprint.cz\/blog\/wp-content\/uploads\/notes-samoprzylepny.jpg 561w, https:\/\/justprint.cz\/blog\/wp-content\/uploads\/notes-samoprzylepny-300x227.jpg 300w\" sizes=\"(max-width: 561px) 100vw, 561px\" \/><\/figure><\/li><\/ul>\n\n\n\n<h2><strong>Raz\u00edtka<\/strong><\/h2>\n\n\n\n<p>Je to tak\u00e9\nprodukt, kter\u00fd najdete v tisk\u00e1rn\u011b! Koneckonc\u016f, nic, co souvis\u00ed s inkoustem, n\u00e1m\nnen\u00ed ciz\u00ed. \ud83d\ude42 U n\u00e1s najdete kapesn\u00ed raz\u00edtka, automatick\u00e1 a datumov\u00e1 raz\u00edtka.\nPro\u010d objedn\u00e1vat produkty do kancel\u00e1\u0159e na mnoha m\u00edstech, kdy\u017e v\u0161e, co m\u016f\u017eete\nm\u00edt, je pod\u00e1n\u00ed jedn\u00e9 objedn\u00e1vky?<\/p>\n\n\n\n<p>Nab\u00eddku raz\u00edtek najdete <a rel=\"noreferrer noopener\" aria-label=\"zde (otwiera si\u0119 na nowej zak\u0142adce)\" href=\"https:\/\/justprint.cz\/produkty\/razitka\" target=\"_blank\"><strong>zde<\/strong><\/a><\/p>\n\n\n\n<ul class=\"wp-block-gallery columns-2 is-cropped\"><li class=\"blocks-gallery-item\"><figure><img width=\"1024\" height=\"776\" src=\"https:\/\/justprint.cz\/blog\/wp-content\/uploads\/piecz\u0105tka-kieszonkowa-1024x776.jpg\" alt=\"Raz\u00edtka\" data-id=\"2785\" data-link=\"https:\/\/justprint.cz\/blog\/pieczatka-kieszonkowa\/\" class=\"wp-image-2785\" srcset=\"https:\/\/justprint.cz\/blog\/wp-content\/uploads\/piecz\u0105tka-kieszonkowa-1024x776.jpg 1024w, https:\/\/justprint.cz\/blog\/wp-content\/uploads\/piecz\u0105tka-kieszonkowa-300x227.jpg 300w, https:\/\/justprint.cz\/blog\/wp-content\/uploads\/piecz\u0105tka-kieszonkowa-768x582.jpg 768w, https:\/\/justprint.cz\/blog\/wp-content\/uploads\/piecz\u0105tka-kieszonkowa-585x443.jpg 585w, https:\/\/justprint.cz\/blog\/wp-content\/uploads\/piecz\u0105tka-kieszonkowa.jpg 1122w\" sizes=\"(max-width: 1024px) 100vw, 1024px\" \/><\/figure><\/li><li class=\"blocks-gallery-item\"><figure><img width=\"1024\" height=\"776\" src=\"https:\/\/justprint.cz\/blog\/wp-content\/uploads\/piecz\u0105tka-datownik-1024x776.jpg\" alt=\"Raz\u00edtka\" data-id=\"2784\" data-link=\"https:\/\/justprint.cz\/blog\/pieczatka-datownik\/\" class=\"wp-image-2784\" srcset=\"https:\/\/justprint.cz\/blog\/wp-content\/uploads\/piecz\u0105tka-datownik-1024x776.jpg 1024w, https:\/\/justprint.cz\/blog\/wp-content\/uploads\/piecz\u0105tka-datownik-300x227.jpg 300w, https:\/\/justprint.cz\/blog\/wp-content\/uploads\/piecz\u0105tka-datownik-768x582.jpg 768w, https:\/\/justprint.cz\/blog\/wp-content\/uploads\/piecz\u0105tka-datownik-585x443.jpg 585w, https:\/\/justprint.cz\/blog\/wp-content\/uploads\/piecz\u0105tka-datownik.jpg 1122w\" sizes=\"(max-width: 1024px) 100vw, 1024px\" \/><\/figure><\/li><\/ul>\n\n\n\n<h2><strong>Ob\u00e1lky<\/strong><\/h2>\n\n\n\n<p>Tradi\u010dn\u00ed korespondence m\u00edsto e-mailu? V mnoha odv\u011btv\u00edch je to st\u00e1le standard. Ti\u0161t\u011bn\u00e9 ob\u00e1lky dopln\u00ed vizu\u00e1ln\u00ed identifikaci spole\u010dnosti a vytvo\u0159\u00ed perfektn\u00ed duo s hlavi\u010dkov\u00fdm pap\u00edrem! V nab\u00eddce justprint najdete klasick\u00e9 <a rel=\"noreferrer noopener\" aria-label=\"ob\u00e1lky (otwiera si\u0119 na nowej zak\u0142adce)\" href=\"https:\/\/justprint.cz\/obalky\" target=\"_blank\"><strong>ob\u00e1lky<\/strong><\/a> s oknem, na v\u00fdb\u011br m\u00e1te 10 r\u016fzn\u00fdch form\u00e1t\u016f a pro zvl\u00e1\u0161tn\u00ed p\u0159\u00edle\u017eitosti &#8211; r\u016fzn\u00e9 druhy pap\u00edr\u016f (od recyklovan\u00fdch a\u017e po jedine\u010dn\u00fd Olin s vy\u0161\u0161\u00ed hustotou).<\/p>\n\n\n\n<p>Pod\u00edvejte se na v\u0161echny varianty ob\u00e1lek <a rel=\"noreferrer noopener\" aria-label=\"zde (otwiera si\u0119 na nowej zak\u0142adce)\" href=\"https:\/\/justprint.cz\/produkty\/obalky\" target=\"_blank\"><strong>zde<\/strong><\/a><\/p>\n\n\n\n<ul class=\"wp-block-gallery columns-2 is-cropped\"><li class=\"blocks-gallery-item\"><figure><img width=\"369\" height=\"425\" src=\"https:\/\/justprint.cz\/blog\/wp-content\/uploads\/koperty.jpg\" alt=\"Ob\u00e1lky s potiskem\" data-id=\"2779\" data-link=\"https:\/\/justprint.cz\/blog\/koperty\/\" class=\"wp-image-2779\" srcset=\"https:\/\/justprint.cz\/blog\/wp-content\/uploads\/koperty.jpg 369w, https:\/\/justprint.cz\/blog\/wp-content\/uploads\/koperty-260x300.jpg 260w\" sizes=\"(max-width: 369px) 100vw, 369px\" \/><\/figure><\/li><li class=\"blocks-gallery-item\"><figure><img width=\"369\" height=\"425\" src=\"https:\/\/justprint.cz\/blog\/wp-content\/uploads\/koperty-z-okienkiem.jpg\" alt=\"Ob\u00e1lky s potiskem\" data-id=\"2778\" data-link=\"https:\/\/justprint.cz\/blog\/koperty-z-okienkiem\/\" class=\"wp-image-2778\" srcset=\"https:\/\/justprint.cz\/blog\/wp-content\/uploads\/koperty-z-okienkiem.jpg 369w, https:\/\/justprint.cz\/blog\/wp-content\/uploads\/koperty-z-okienkiem-260x300.jpg 260w\" sizes=\"(max-width: 369px) 100vw, 369px\" \/><\/figure><\/li><\/ul>\n\n\n\n<h2><strong>Kalend\u00e1\u0159e s vlastn\u00edm potiskem<\/strong><\/h2>\n\n\n\n<p>\u0158\u00edk\u00e1 se, \u017ee kancel\u00e1\u0159 bez kalend\u00e1\u0159e je jako voj\u00e1k bez uniformy, tak\u017ee by bylo vhodn\u00e9 n\u011bjak\u00fd m\u00edt. \ud83d\ude42 A je z \u010deho vyb\u00edrat! Od n\u00e1st\u011bnn\u00fdch, a\u017e po stoln\u00ed, kni\u017en\u00ed a dokonce i kapesn\u00ed. Kalend\u00e1\u0159 podle vlastn\u00edho n\u00e1vrhu je skv\u011bl\u00fdm zp\u016fsobem na reklamu, proto\u017ee jeho u\u017eite\u010dn\u00fd aspekt obvykle doprov\u00e1z\u00ed obdarovanou osobu po cel\u00fd rok. Zva\u017ete, kolik V\u00e1s bude reklama st\u00e1t po cel\u00fd rok? <a rel=\"noreferrer noopener\" aria-label=\"Tisk kalend\u00e1\u0159\u016f (otwiera si\u0119 na nowej zak\u0142adce)\" href=\"https:\/\/justprint.cz\/produkty\/kalendare\" target=\"_blank\"><strong>Tisk kalend\u00e1\u0159\u016f<\/strong><\/a> je rozhodn\u011b levn\u011bj\u0161\u00ed alternativou, kterou si vybraly tis\u00edce polsk\u00fdch (a nejen) firem, co\u017e je potvrzeno ro\u010dn\u00edm po\u010dtem objedn\u00e1vek tohoto tiska\u0159sk\u00e9ho produktu.<\/p>\n\n\n\n<p>Klikn\u011bte na banner a zkontrolujte nab\u00eddku \ud83d\udc47<\/p>\n\n\n\n<figure class=\"wp-block-image\"><a href=\"https:\/\/justprint.cz\/produkty\/kalendare\" target=\"_blank\" rel=\"noreferrer noopener\"><img width=\"1024\" height=\"429\" src=\"https:\/\/justprint.cz\/blog\/wp-content\/uploads\/baner_kalendarze_eco_cz-1024x429.jpg\" alt=\"\" class=\"wp-image-2794\" srcset=\"https:\/\/justprint.cz\/blog\/wp-content\/uploads\/baner_kalendarze_eco_cz-1024x429.jpg 1024w, https:\/\/justprint.cz\/blog\/wp-content\/uploads\/baner_kalendarze_eco_cz-300x126.jpg 300w, https:\/\/justprint.cz\/blog\/wp-content\/uploads\/baner_kalendarze_eco_cz-768x322.jpg 768w, https:\/\/justprint.cz\/blog\/wp-content\/uploads\/baner_kalendarze_eco_cz.jpg 1170w, https:\/\/justprint.cz\/blog\/wp-content\/uploads\/baner_kalendarze_eco_cz-585x245.jpg 585w\" sizes=\"(max-width: 1024px) 100vw, 1024px\" \/><\/a><\/figure>\n\n\n\n<p>M\u00e1lo? Prohl\u00e9dn\u011bte si ostatn\u00ed produkty na webu <a href=\"https:\/\/justprint.cz\/\"><strong>justprint.cz<\/strong><\/a> &#8211; jsme si jisti, \u017ee si zvol\u00edte v\u00edce ne\u017e v\u00fdb\u011br v tomto \u010dl\u00e1nku. \ud83d\ude42<\/p>\n","protected":false},"excerpt":{"rendered":"<p>To, \u017ee v kancel\u00e1\u0159i str\u00e1v\u00edte v\u011bt\u0161inu \u010dasu u kancel\u00e1\u0159e neznamen\u00e1, \u017ee k pr\u00e1ci pot\u0159ebujete pouze kl\u00e1vesnici, my\u0161 a monitor. Pod\u00edvejte se, co dal\u0161\u00edho se m\u016f\u017ee hodit v ka\u017edodenn\u00ed, kancel\u00e1\u0159sk\u00e9 pr\u00e1ci&hellip;<\/p>\n","protected":false},"author":1,"featured_media":2790,"comment_status":"open","ping_status":"open","sticky":false,"template":"","format":"standard","meta":[],"categories":[36,37,35],"tags":[54,58,51,57,52,53,55,48,56],"aioseo_notices":[],"_links":{"self":[{"href":"https:\/\/justprint.cz\/blog\/wp-json\/wp\/v2\/posts\/2774"}],"collection":[{"href":"https:\/\/justprint.cz\/blog\/wp-json\/wp\/v2\/posts"}],"about":[{"href":"https:\/\/justprint.cz\/blog\/wp-json\/wp\/v2\/types\/post"}],"author":[{"embeddable":true,"href":"https:\/\/justprint.cz\/blog\/wp-json\/wp\/v2\/users\/1"}],"replies":[{"embeddable":true,"href":"https:\/\/justprint.cz\/blog\/wp-json\/wp\/v2\/comments?post=2774"}],"version-history":[{"count":7,"href":"https:\/\/justprint.cz\/blog\/wp-json\/wp\/v2\/posts\/2774\/revisions"}],"predecessor-version":[{"id":2798,"href":"https:\/\/justprint.cz\/blog\/wp-json\/wp\/v2\/posts\/2774\/revisions\/2798"}],"wp:featuredmedia":[{"embeddable":true,"href":"https:\/\/justprint.cz\/blog\/wp-json\/wp\/v2\/media\/2790"}],"wp:attachment":[{"href":"https:\/\/justprint.cz\/blog\/wp-json\/wp\/v2\/media?parent=2774"}],"wp:term":[{"taxonomy":"category","embeddable":true,"href":"https:\/\/justprint.cz\/blog\/wp-json\/wp\/v2\/categories?post=2774"},{"taxonomy":"post_tag","embeddable":true,"href":"https:\/\/justprint.cz\/blog\/wp-json\/wp\/v2\/tags?post=2774"}],"curies":[{"name":"wp","href":"https:\/\/api.w.org\/{rel}","templated":true}]}}