{"id":1977,"date":"2020-10-02T13:13:53","date_gmt":"2020-10-02T11:13:53","guid":{"rendered":"https:\/\/justprint.cz\/blog\/?p=1977"},"modified":"2024-06-27T23:07:06","modified_gmt":"2024-06-27T21:07:06","slug":"kalendare-cas-na-zajimave-projekty","status":"publish","type":"post","link":"https:\/\/justprint.cz\/blog\/kalendare-cas-na-zajimave-projekty\/","title":{"rendered":"Kalend\u00e1\u0159e &#8211; \u010das na zaj\u00edmav\u00e9 projekty!"},"content":{"rendered":"\n<p><strong>Obdob\u00ed tisku kalend\u00e1\u0159\u016f je ji\u017e v pln\u00e9m proudu &#8211; pr\u00e1v\u011b te\u010f stoj\u00ed za to p\u0159em\u00fd\u0161let o tisku kalend\u00e1\u0159\u016f pro rok 2021. Na sam\u00e9m po\u010d\u00e1tku m\u00e1m pro V\u00e1s 2 p\u0159ekvapen\u00ed.<\/strong><\/p>\n\n\n\n<!--more-->\n\n\n\n<p>Prvn\u00ed &#8211; a nejd\u016fle\u017eit\u011bj\u0161\u00ed &#8211; je bal\u00ed\u010dek kalend\u00e1\u0159\u016f pro rok 2021. Ji\u017e jsou &#8211; p\u0159ipraven\u00e9 k tisku a p\u0159ipojen\u00e9 k jednotliv\u00fdm typ\u016fm kalend\u00e1\u0159\u016f. Najdete je nap\u0159\u00edklad <a href=\"https:\/\/justprint.cz\/blog\/kalendare-pro-rok-2024-pripravte-se-na-sezonu\/\" target=\"_blank\" rel=\"noopener\">zde<\/a>. Str\u00e1vili jsme nad nimi mnoho hodin, sna\u017eili jsme se doladit ka\u017ed\u00fd detail. A te\u010f douf\u00e1me, \u017ee se v\u00e1m budou hodit. Jen tak!<\/p>\n\n\n\n<figure class=\"wp-block-gallery has-nested-images columns-default is-cropped\">\n<figure class=\"wp-block-image\"><img width=\"369\" height=\"425\" data-id=\"1983\"  src=\"https:\/\/justprint.cz\/blog\/wp-content\/uploads\/kalendarze-3.jpg\" alt=\"Kalend\u00e1\u0159e 2021\" class=\"wp-image-1983\" srcset=\"https:\/\/justprint.cz\/blog\/wp-content\/uploads\/kalendarze-3.jpg 369w, https:\/\/justprint.cz\/blog\/wp-content\/uploads\/kalendarze-3-260x300.jpg 260w\" sizes=\"(max-width: 369px) 100vw, 369px\" \/><\/figure>\n\n\n\n<figure class=\"wp-block-image\"><img width=\"561\" height=\"425\" data-id=\"1984\"  src=\"https:\/\/justprint.cz\/blog\/wp-content\/uploads\/kalendarze-4.jpg\" alt=\"Kalend\u00e1\u0159e 2021\" class=\"wp-image-1984\" srcset=\"https:\/\/justprint.cz\/blog\/wp-content\/uploads\/kalendarze-4.jpg 561w, https:\/\/justprint.cz\/blog\/wp-content\/uploads\/kalendarze-4-300x227.jpg 300w\" sizes=\"(max-width: 561px) 100vw, 561px\" \/><\/figure>\n\n\n\n<figure class=\"wp-block-image\"><img width=\"369\" height=\"425\" data-id=\"1982\"  src=\"https:\/\/justprint.cz\/blog\/wp-content\/uploads\/kalendarze-2.jpg\" alt=\"Kalend\u00e1\u0159e 2021\" class=\"wp-image-1982\" srcset=\"https:\/\/justprint.cz\/blog\/wp-content\/uploads\/kalendarze-2.jpg 369w, https:\/\/justprint.cz\/blog\/wp-content\/uploads\/kalendarze-2-260x300.jpg 260w\" sizes=\"(max-width: 369px) 100vw, 369px\" \/><\/figure>\n<\/figure>\n\n\n\n<p>Druh\u00fdm p\u0159ekvapen\u00edm je to, co se kreativn\u00edm lidem l\u00edb\u00ed nejv\u00edce &#8211; tedy hrstka inspirace. Pod\u00edvejte se, jak se k n\u00e1vrhu <a href=\"https:\/\/justprint.cz\/produkty\/kalendare\">kalend\u00e1\u0159\u016f<\/a> p\u0159istoupili dal\u0161\u00ed kreativn\u00ed lid\u00e9.<\/p>\n\n\n\n<h2><strong>M\u00f3da\nminul\u00e9ho stolet\u00ed &#8211; na stran\u00e1ch kalend\u00e1\u0159e<\/strong><strong><\/strong><\/h2>\n\n\n\n<p>M\u00f3da, um\u011bn\u00ed a historie se neust\u00e1le prol\u00ednaj\u00ed. Tento\nkontaktn\u00ed bod slou\u017eil jako inspirace pro vytvo\u0159en\u00ed kalend\u00e1\u0159e Fashion 2020.\nGosti pe\u010dliv\u011b sledovala historii m\u00f3dy v minul\u00e9m stolet\u00ed, aby ji p\u0159edstavila na\njedine\u010dn\u00fdch, origin\u00e1ln\u00edch ilustrac\u00edch. Autor ukazuje, jak se zm\u011bnil styl a\ntoto\u017enost \u010dlov\u011bka v minul\u00e9m stolet\u00ed.<\/p>\n\n\n\n<p>M\u00f3dn\u00ed historie byla ovlivn\u011bna politikou, ve\u0159ejn\u00fdmi\nhnut\u00edmi a turbulentn\u00edm vojensk\u00fdm obdob\u00edm. <strong>Za\nhistori\u00ed m\u00f3dy se skr\u00fdvaj\u00ed p\u0159\u00edb\u011bhy lid\u00ed a zp\u016fsob, jak\u00fdm vytv\u00e1\u0159el\u00ed sv\u016fj obraz.<\/strong>\nAutorka chce vzd\u00e1t poctu minulosti a kreativn\u011b ji interpretovat. N\u00e1vrh tohoto\nkalend\u00e1\u0159e vy\u017eadoval obrovskou pr\u00e1ci &#8211; jak koncep\u010dn\u00ed, tak historickou. Efekt?\nP\u016fsobiv\u00fd kalend\u00e1\u0159, kter\u00fd bude v\u017edy trendy.<\/p>\n\n\n\n<figure class=\"wp-block-gallery has-nested-images columns-default is-cropped\">\n<figure class=\"wp-block-image\"><img width=\"600\" height=\"849\" data-id=\"1987\"  src=\"https:\/\/justprint.cz\/blog\/wp-content\/uploads\/kalendarze-8-gosti.jpg\" alt=\"kalendare gosti\" class=\"wp-image-1987\" srcset=\"https:\/\/justprint.cz\/blog\/wp-content\/uploads\/kalendarze-8-gosti.jpg 600w, https:\/\/justprint.cz\/blog\/wp-content\/uploads\/kalendarze-8-gosti-212x300.jpg 212w, https:\/\/justprint.cz\/blog\/wp-content\/uploads\/kalendarze-8-gosti-585x828.jpg 585w\" sizes=\"(max-width: 600px) 100vw, 600px\" \/><\/figure>\n\n\n\n<figure class=\"wp-block-image\"><img width=\"600\" height=\"846\" data-id=\"1986\"  src=\"https:\/\/justprint.cz\/blog\/wp-content\/uploads\/kalendarze-6-gosti.png\" alt=\"kalendare gosti\" class=\"wp-image-1986\" srcset=\"https:\/\/justprint.cz\/blog\/wp-content\/uploads\/kalendarze-6-gosti.png 600w, https:\/\/justprint.cz\/blog\/wp-content\/uploads\/kalendarze-6-gosti-213x300.png 213w, https:\/\/justprint.cz\/blog\/wp-content\/uploads\/kalendarze-6-gosti-585x825.png 585w\" sizes=\"(max-width: 600px) 100vw, 600px\" \/><\/figure>\n\n\n\n<figure class=\"wp-block-image\"><img width=\"1024\" height=\"684\" data-id=\"1980\"  src=\"https:\/\/justprint.cz\/blog\/wp-content\/uploads\/Kalendarze-7-gosti-1024x684.jpg\" alt=\"kalendare gosti\" class=\"wp-image-1980\" srcset=\"https:\/\/justprint.cz\/blog\/wp-content\/uploads\/Kalendarze-7-gosti-1024x684.jpg 1024w, https:\/\/justprint.cz\/blog\/wp-content\/uploads\/Kalendarze-7-gosti-300x200.jpg 300w, https:\/\/justprint.cz\/blog\/wp-content\/uploads\/Kalendarze-7-gosti-768x513.jpg 768w, https:\/\/justprint.cz\/blog\/wp-content\/uploads\/Kalendarze-7-gosti-1170x781.jpg 1170w, https:\/\/justprint.cz\/blog\/wp-content\/uploads\/Kalendarze-7-gosti-585x390.jpg 585w, https:\/\/justprint.cz\/blog\/wp-content\/uploads\/Kalendarze-7-gosti-263x175.jpg 263w, https:\/\/justprint.cz\/blog\/wp-content\/uploads\/Kalendarze-7-gosti.jpg 1600w\" sizes=\"(max-width: 1024px) 100vw, 1024px\" \/><\/figure>\n\n\n\n<figure class=\"wp-block-image\"><img width=\"1024\" height=\"772\" data-id=\"1985\"  src=\"https:\/\/justprint.cz\/blog\/wp-content\/uploads\/kalendarze-5-gosti-1024x772.jpg\" alt=\"kalendare gosti\" class=\"wp-image-1985\" srcset=\"https:\/\/justprint.cz\/blog\/wp-content\/uploads\/kalendarze-5-gosti-1024x772.jpg 1024w, https:\/\/justprint.cz\/blog\/wp-content\/uploads\/kalendarze-5-gosti-300x226.jpg 300w, https:\/\/justprint.cz\/blog\/wp-content\/uploads\/kalendarze-5-gosti-768x579.jpg 768w, https:\/\/justprint.cz\/blog\/wp-content\/uploads\/kalendarze-5-gosti-1170x883.jpg 1170w, https:\/\/justprint.cz\/blog\/wp-content\/uploads\/kalendarze-5-gosti-585x441.jpg 585w, https:\/\/justprint.cz\/blog\/wp-content\/uploads\/kalendarze-5-gosti.jpg 1400w\" sizes=\"(max-width: 1024px) 100vw, 1024px\" \/><\/figure>\n<\/figure>\n\n\n\n<h2><strong>Kalend\u00e1\u0159\nna po\u010dest vyhynul\u00fdch druh\u016f<\/strong><strong><\/strong><\/h2>\n\n\n\n<p>Trend EKO se objevuje u mnoha n\u00e1vrh\u00e1\u0159\u016f &#8211; zaj\u00edmav\u011b\nho realizoval Laurynas Kamarauskas. Um\u011blec navrhl kalend\u00e1\u0159 pro rok 2020, ve\nkter\u00e9m p\u0159edstavil 12 druh\u016f zv\u00ed\u0159at, kter\u00e9 v posledn\u00edch 150 letech vyhynuly v\nd\u016fsledku lidsk\u00e9 \u010dinnosti.<\/p>\n\n\n\n<p>Kalend\u00e1\u0159 m\u00e1 12 speci\u00e1ln\u00edch stran, z nich\u017e ka\u017ed\u00e1\np\u0159edstavuje historii dan\u00e9ho druhu, spolu s historick\u00fdm pozad\u00edm a origin\u00e1ln\u00ed\nilustrac\u00ed. V\u00fdsledkem je hybrid \u010dlov\u011bka a zv\u00ed\u0159ete &#8211; inspirativn\u00ed, ale tak\u00e9\nzneklid\u0148uj\u00edc\u00ed. Zosobn\u011bn\u00ed ka\u017ed\u00e9ho zv\u00ed\u0159ete je <strong>inspirov\u00e1no pracemi zn\u00e1m\u00e9ho um\u011blce ze zem\u011b, kter\u00e1 toto zv\u00ed\u0159e ob\u00fdvala.<\/strong><strong><\/strong><\/p>\n\n\n\n<p>Struktura kalend\u00e1\u0159e odr\u00e1\u017e\u00ed jeho hlavn\u00ed my\u0161lenku. <strong>T\u00edm, \u017ee odtrhneme dal\u0161\u00ed stranu, kone\u010dn\u011b se\nrozlou\u010d\u00edme s dal\u0161\u00edm druhem<\/strong>. Kalend\u00e1\u0159 je n\u00e1vrh\u00e1\u0159sk\u00fd sv\u00e1tek se smutn\u00fdmi t\u0159emi\nte\u010dkami na konci.<\/p>\n\n\n\n<figure class=\"wp-block-gallery has-nested-images columns-default is-cropped\">\n<figure class=\"wp-block-image\"><img width=\"1024\" height=\"512\" data-id=\"1988\"  src=\"https:\/\/justprint.cz\/blog\/wp-content\/uploads\/kalendarze-9-Laurynas-Kamarauskas-1024x512.jpg\" alt=\"kalendare Laurynas Kamarauskas\" class=\"wp-image-1988\" srcset=\"https:\/\/justprint.cz\/blog\/wp-content\/uploads\/kalendarze-9-Laurynas-Kamarauskas-1024x512.jpg 1024w, https:\/\/justprint.cz\/blog\/wp-content\/uploads\/kalendarze-9-Laurynas-Kamarauskas-300x150.jpg 300w, https:\/\/justprint.cz\/blog\/wp-content\/uploads\/kalendarze-9-Laurynas-Kamarauskas-768x384.jpg 768w, https:\/\/justprint.cz\/blog\/wp-content\/uploads\/kalendarze-9-Laurynas-Kamarauskas-1170x585.jpg 1170w, https:\/\/justprint.cz\/blog\/wp-content\/uploads\/kalendarze-9-Laurynas-Kamarauskas-585x293.jpg 585w, https:\/\/justprint.cz\/blog\/wp-content\/uploads\/kalendarze-9-Laurynas-Kamarauskas.jpg 1400w\" sizes=\"(max-width: 1024px) 100vw, 1024px\" \/><\/figure>\n\n\n\n<figure class=\"wp-block-image\"><img width=\"526\" height=\"526\" data-id=\"1989\"  src=\"https:\/\/justprint.cz\/blog\/wp-content\/uploads\/kalendarze-10-Laurynas-Kamarauskas.jpg\" alt=\"kalendare Laurynas Kamarauskas\" class=\"wp-image-1989\" srcset=\"https:\/\/justprint.cz\/blog\/wp-content\/uploads\/kalendarze-10-Laurynas-Kamarauskas.jpg 526w, https:\/\/justprint.cz\/blog\/wp-content\/uploads\/kalendarze-10-Laurynas-Kamarauskas-150x150.jpg 150w, https:\/\/justprint.cz\/blog\/wp-content\/uploads\/kalendarze-10-Laurynas-Kamarauskas-300x300.jpg 300w, https:\/\/justprint.cz\/blog\/wp-content\/uploads\/kalendarze-10-Laurynas-Kamarauskas-24x24.jpg 24w, https:\/\/justprint.cz\/blog\/wp-content\/uploads\/kalendarze-10-Laurynas-Kamarauskas-48x48.jpg 48w, https:\/\/justprint.cz\/blog\/wp-content\/uploads\/kalendarze-10-Laurynas-Kamarauskas-96x96.jpg 96w\" sizes=\"(max-width: 526px) 100vw, 526px\" \/><\/figure>\n\n\n\n<figure class=\"wp-block-image\"><img width=\"1024\" height=\"682\" data-id=\"1990\"  src=\"https:\/\/justprint.cz\/blog\/wp-content\/uploads\/kalendarze-11-Laurynas-Kamarauskas-1024x682.jpg\" alt=\"kalendare Laurynas Kamarauskas\" class=\"wp-image-1990\" srcset=\"https:\/\/justprint.cz\/blog\/wp-content\/uploads\/kalendarze-11-Laurynas-Kamarauskas-1024x682.jpg 1024w, https:\/\/justprint.cz\/blog\/wp-content\/uploads\/kalendarze-11-Laurynas-Kamarauskas-300x200.jpg 300w, https:\/\/justprint.cz\/blog\/wp-content\/uploads\/kalendarze-11-Laurynas-Kamarauskas-768x512.jpg 768w, https:\/\/justprint.cz\/blog\/wp-content\/uploads\/kalendarze-11-Laurynas-Kamarauskas-1170x780.jpg 1170w, https:\/\/justprint.cz\/blog\/wp-content\/uploads\/kalendarze-11-Laurynas-Kamarauskas-585x390.jpg 585w, https:\/\/justprint.cz\/blog\/wp-content\/uploads\/kalendarze-11-Laurynas-Kamarauskas-263x175.jpg 263w, https:\/\/justprint.cz\/blog\/wp-content\/uploads\/kalendarze-11-Laurynas-Kamarauskas.jpg 1400w\" sizes=\"(max-width: 1024px) 100vw, 1024px\" \/><\/figure>\n\n\n\n<figure class=\"wp-block-image\"><img width=\"1024\" height=\"512\" data-id=\"1981\"  src=\"https:\/\/justprint.cz\/blog\/wp-content\/uploads\/kalendarze-12-Laurynas-Kamarauskas-1024x512.jpg\" alt=\"kalendare Laurynas Kamarauskas\" class=\"wp-image-1981\" srcset=\"https:\/\/justprint.cz\/blog\/wp-content\/uploads\/kalendarze-12-Laurynas-Kamarauskas-1024x512.jpg 1024w, https:\/\/justprint.cz\/blog\/wp-content\/uploads\/kalendarze-12-Laurynas-Kamarauskas-300x150.jpg 300w, https:\/\/justprint.cz\/blog\/wp-content\/uploads\/kalendarze-12-Laurynas-Kamarauskas-768x384.jpg 768w, https:\/\/justprint.cz\/blog\/wp-content\/uploads\/kalendarze-12-Laurynas-Kamarauskas-1170x585.jpg 1170w, https:\/\/justprint.cz\/blog\/wp-content\/uploads\/kalendarze-12-Laurynas-Kamarauskas-585x293.jpg 585w, https:\/\/justprint.cz\/blog\/wp-content\/uploads\/kalendarze-12-Laurynas-Kamarauskas.jpg 1400w\" sizes=\"(max-width: 1024px) 100vw, 1024px\" \/><\/figure>\n<\/figure>\n\n\n\n<h2><strong>Kalend\u00e1\u0159\nMadwomen 2020<\/strong><strong><\/strong><\/h2>\n\n\n\n<p>Minimalismus tvaru a maximum stylu. Tak lze shrnout\nautorsk\u00e9 ilustrace Cheng Peng vytvo\u0159en\u00e9 pro kalend\u00e1\u0159 pro rok 2020. Autorka\nuk\u00e1zala, \u017ee prost\u00e9 je kr\u00e1sn\u00e9 a \u017eeny maj\u00ed tuto s\u00edlu.<\/p>\n\n\n\n<p><strong>Mad Men\nm\u016f\u017ee z\u00e1vid\u011bt<\/strong>, a my se nech\u00e1me\nokouzlit jedine\u010dn\u00fdm stylem autora. Rozmanitost \u017een byla p\u0159edstav\u011bna v kompaktn\u00ed\na inspirativn\u00ed podob\u011b.<\/p>\n\n\n\n<figure class=\"wp-block-gallery has-nested-images columns-default is-cropped\">\n<figure class=\"wp-block-image\"><img width=\"1024\" height=\"694\" data-id=\"1991\"  src=\"https:\/\/justprint.cz\/blog\/wp-content\/uploads\/kalendarze-13-Cheng-Peng-1024x694.jpg\" alt=\"Kalend\u00e1\u0159 Madwomen 2020 -1 \" class=\"wp-image-1991\" srcset=\"https:\/\/justprint.cz\/blog\/wp-content\/uploads\/kalendarze-13-Cheng-Peng-1024x694.jpg 1024w, https:\/\/justprint.cz\/blog\/wp-content\/uploads\/kalendarze-13-Cheng-Peng-300x203.jpg 300w, https:\/\/justprint.cz\/blog\/wp-content\/uploads\/kalendarze-13-Cheng-Peng-768x521.jpg 768w, https:\/\/justprint.cz\/blog\/wp-content\/uploads\/kalendarze-13-Cheng-Peng-1170x793.jpg 1170w, https:\/\/justprint.cz\/blog\/wp-content\/uploads\/kalendarze-13-Cheng-Peng.jpg 1920w, https:\/\/justprint.cz\/blog\/wp-content\/uploads\/kalendarze-13-Cheng-Peng-585x397.jpg 585w\" sizes=\"(max-width: 1024px) 100vw, 1024px\" \/><\/figure>\n\n\n\n<figure class=\"wp-block-image\"><img width=\"1024\" height=\"633\" data-id=\"1992\"  src=\"https:\/\/justprint.cz\/blog\/wp-content\/uploads\/kalendarze-14-Cheng-PengCheng-Peng-mad-women-1024x633.jpg\" alt=\"Kalend\u00e1\u0159 Madwomen 2020 - 2\" class=\"wp-image-1992\" srcset=\"https:\/\/justprint.cz\/blog\/wp-content\/uploads\/kalendarze-14-Cheng-PengCheng-Peng-mad-women-1024x633.jpg 1024w, https:\/\/justprint.cz\/blog\/wp-content\/uploads\/kalendarze-14-Cheng-PengCheng-Peng-mad-women-300x185.jpg 300w, https:\/\/justprint.cz\/blog\/wp-content\/uploads\/kalendarze-14-Cheng-PengCheng-Peng-mad-women-768x475.jpg 768w, https:\/\/justprint.cz\/blog\/wp-content\/uploads\/kalendarze-14-Cheng-PengCheng-Peng-mad-women-1170x723.jpg 1170w, https:\/\/justprint.cz\/blog\/wp-content\/uploads\/kalendarze-14-Cheng-PengCheng-Peng-mad-women.jpg 1920w, https:\/\/justprint.cz\/blog\/wp-content\/uploads\/kalendarze-14-Cheng-PengCheng-Peng-mad-women-585x362.jpg 585w\" sizes=\"(max-width: 1024px) 100vw, 1024px\" \/><\/figure>\n\n\n\n<figure class=\"wp-block-image\"><img width=\"1024\" height=\"680\" data-id=\"1993\"  src=\"https:\/\/justprint.cz\/blog\/wp-content\/uploads\/kalendarze-15-Cheng-Peng-1024x680.jpg\" alt=\"Kalend\u00e1\u0159 Madwomen 2020 - 3\" class=\"wp-image-1993\" srcset=\"https:\/\/justprint.cz\/blog\/wp-content\/uploads\/kalendarze-15-Cheng-Peng-1024x680.jpg 1024w, https:\/\/justprint.cz\/blog\/wp-content\/uploads\/kalendarze-15-Cheng-Peng-300x199.jpg 300w, https:\/\/justprint.cz\/blog\/wp-content\/uploads\/kalendarze-15-Cheng-Peng-768x510.jpg 768w, https:\/\/justprint.cz\/blog\/wp-content\/uploads\/kalendarze-15-Cheng-Peng-1170x777.jpg 1170w, https:\/\/justprint.cz\/blog\/wp-content\/uploads\/kalendarze-15-Cheng-Peng-585x389.jpg 585w, https:\/\/justprint.cz\/blog\/wp-content\/uploads\/kalendarze-15-Cheng-Peng-263x175.jpg 263w, https:\/\/justprint.cz\/blog\/wp-content\/uploads\/kalendarze-15-Cheng-Peng.jpg 1400w\" sizes=\"(max-width: 1024px) 100vw, 1024px\" \/><\/figure>\n\n\n\n<figure class=\"wp-block-image\"><img width=\"1024\" height=\"680\" data-id=\"1994\"  src=\"https:\/\/justprint.cz\/blog\/wp-content\/uploads\/kalendarze-16-Cheng-Peng-1024x680.jpg\" alt=\"Kalend\u00e1\u0159 Madwomen 2020 - 4\" class=\"wp-image-1994\" srcset=\"https:\/\/justprint.cz\/blog\/wp-content\/uploads\/kalendarze-16-Cheng-Peng-1024x680.jpg 1024w, https:\/\/justprint.cz\/blog\/wp-content\/uploads\/kalendarze-16-Cheng-Peng-300x199.jpg 300w, https:\/\/justprint.cz\/blog\/wp-content\/uploads\/kalendarze-16-Cheng-Peng-768x510.jpg 768w, https:\/\/justprint.cz\/blog\/wp-content\/uploads\/kalendarze-16-Cheng-Peng-1170x777.jpg 1170w, https:\/\/justprint.cz\/blog\/wp-content\/uploads\/kalendarze-16-Cheng-Peng-585x389.jpg 585w, https:\/\/justprint.cz\/blog\/wp-content\/uploads\/kalendarze-16-Cheng-Peng-263x175.jpg 263w, https:\/\/justprint.cz\/blog\/wp-content\/uploads\/kalendarze-16-Cheng-Peng.jpg 1400w\" sizes=\"(max-width: 1024px) 100vw, 1024px\" \/><\/figure>\n\n\n\n<figure class=\"wp-block-image\"><img width=\"1024\" height=\"681\" data-id=\"1979\"  src=\"https:\/\/justprint.cz\/blog\/wp-content\/uploads\/cover17-1024x681.jpg\" alt=\"Kalend\u00e1\u0159 Madwomen 2020 - 5\" class=\"wp-image-1979\" srcset=\"https:\/\/justprint.cz\/blog\/wp-content\/uploads\/cover17-1024x681.jpg 1024w, https:\/\/justprint.cz\/blog\/wp-content\/uploads\/cover17-300x199.jpg 300w, https:\/\/justprint.cz\/blog\/wp-content\/uploads\/cover17-768x510.jpg 768w, https:\/\/justprint.cz\/blog\/wp-content\/uploads\/cover17-1170x778.jpg 1170w, https:\/\/justprint.cz\/blog\/wp-content\/uploads\/cover17.jpg 1920w, https:\/\/justprint.cz\/blog\/wp-content\/uploads\/cover17-585x389.jpg 585w, https:\/\/justprint.cz\/blog\/wp-content\/uploads\/cover17-263x175.jpg 263w\" sizes=\"(max-width: 1024px) 100vw, 1024px\" \/><\/figure>\n<\/figure>\n\n\n\n<h2><strong>Kalend\u00e1\u0159\n&#8211; Green is the new black<\/strong><strong><\/strong><\/h2>\n\n\n\n<p>\u017div\u00e9 barvy, jednoduchost a radost &#8211; a to v\u0161e s\nd\u016fle\u017eit\u00fdm poselstv\u00edm. Tania Yakunova vytvo\u0159ila zaj\u00edmav\u00e9 ilustrace pro kalend\u00e1\u0159e\na pohlednice pro Green Network Energy. Green is the new black je leitmotivem\nkalend\u00e1\u0159e pro rok 2020 &#8211; a v tomto duchu je ka\u017ed\u00e1 z vytvo\u0159en\u00fdch ilustrac\u00ed.<\/p>\n\n\n\n<p>Pr\u00e1ce Tanie ukazuj\u00ed, \u017ee <strong>p\u00e9\u010de o \u017eivotn\u00ed prost\u0159ed\u00ed m\u016f\u017ee b\u00fdt skv\u011blou z\u00e1bavou. <\/strong>D\u011btsk\u00e9 nad\u0161en\u00ed a\nradost ze \u017eivota v souladu s p\u0159\u00edrodou \u2013 takov\u00e1 energie d\u00e1v\u00e1 t\u00e1to realizace.\nC\u00edt\u00ed\u0161 to?<\/p>\n\n\n\n<figure class=\"wp-block-gallery has-nested-images columns-default is-cropped\">\n<figure class=\"wp-block-image\"><img width=\"1024\" height=\"677\" data-id=\"1995\"  src=\"https:\/\/justprint.cz\/blog\/wp-content\/uploads\/kalendarze-18-Tania-Yakunova-1024x677.png\" alt=\"Kalend\u00e1\u0159 - Green is the new black - 1\" class=\"wp-image-1995\" srcset=\"https:\/\/justprint.cz\/blog\/wp-content\/uploads\/kalendarze-18-Tania-Yakunova-1024x677.png 1024w, https:\/\/justprint.cz\/blog\/wp-content\/uploads\/kalendarze-18-Tania-Yakunova-300x198.png 300w, https:\/\/justprint.cz\/blog\/wp-content\/uploads\/kalendarze-18-Tania-Yakunova-768x508.png 768w, https:\/\/justprint.cz\/blog\/wp-content\/uploads\/kalendarze-18-Tania-Yakunova-1170x773.png 1170w, https:\/\/justprint.cz\/blog\/wp-content\/uploads\/kalendarze-18-Tania-Yakunova-780x516.png 780w, https:\/\/justprint.cz\/blog\/wp-content\/uploads\/kalendarze-18-Tania-Yakunova.png 1920w, https:\/\/justprint.cz\/blog\/wp-content\/uploads\/kalendarze-18-Tania-Yakunova-585x387.png 585w, https:\/\/justprint.cz\/blog\/wp-content\/uploads\/kalendarze-18-Tania-Yakunova-263x175.png 263w\" sizes=\"(max-width: 1024px) 100vw, 1024px\" \/><\/figure>\n\n\n\n<figure class=\"wp-block-image\"><img width=\"1024\" height=\"748\" data-id=\"1996\"  src=\"https:\/\/justprint.cz\/blog\/wp-content\/uploads\/Kalendarze-19-Tania-Yakunova-1024x748.png\" alt=\"Kalend\u00e1\u0159 - Green is the new black - 2\" class=\"wp-image-1996\" srcset=\"https:\/\/justprint.cz\/blog\/wp-content\/uploads\/Kalendarze-19-Tania-Yakunova-1024x748.png 1024w, https:\/\/justprint.cz\/blog\/wp-content\/uploads\/Kalendarze-19-Tania-Yakunova-300x219.png 300w, https:\/\/justprint.cz\/blog\/wp-content\/uploads\/Kalendarze-19-Tania-Yakunova-768x561.png 768w, https:\/\/justprint.cz\/blog\/wp-content\/uploads\/Kalendarze-19-Tania-Yakunova-1170x855.png 1170w, https:\/\/justprint.cz\/blog\/wp-content\/uploads\/Kalendarze-19-Tania-Yakunova-585x427.png 585w, https:\/\/justprint.cz\/blog\/wp-content\/uploads\/Kalendarze-19-Tania-Yakunova.png 1400w\" sizes=\"(max-width: 1024px) 100vw, 1024px\" \/><\/figure>\n\n\n\n<figure class=\"wp-block-image\"><img width=\"1024\" height=\"729\" data-id=\"1997\"  src=\"https:\/\/justprint.cz\/blog\/wp-content\/uploads\/kalendarze-20-Tania-Yakunova-1024x729.png\" alt=\"Kalend\u00e1\u0159 - Green is the new black -3\" class=\"wp-image-1997\" srcset=\"https:\/\/justprint.cz\/blog\/wp-content\/uploads\/kalendarze-20-Tania-Yakunova-1024x729.png 1024w, https:\/\/justprint.cz\/blog\/wp-content\/uploads\/kalendarze-20-Tania-Yakunova-300x214.png 300w, https:\/\/justprint.cz\/blog\/wp-content\/uploads\/kalendarze-20-Tania-Yakunova-768x547.png 768w, https:\/\/justprint.cz\/blog\/wp-content\/uploads\/kalendarze-20-Tania-Yakunova-1170x833.png 1170w, https:\/\/justprint.cz\/blog\/wp-content\/uploads\/kalendarze-20-Tania-Yakunova.png 1920w, https:\/\/justprint.cz\/blog\/wp-content\/uploads\/kalendarze-20-Tania-Yakunova-585x417.png 585w\" sizes=\"(max-width: 1024px) 100vw, 1024px\" \/><\/figure>\n<\/figure>\n\n\n\n<h2>Nepraktick\u00fd kalend\u00e1\u0159 2020<\/h2>\n\n\n\n<p>&#8222;Nepraktick\u00fd kalend\u00e1\u0159 Tokio 2020&#8220;, kter\u00fd\nnavrhl Martin P\u0142onka, byl ocen\u011bn a vyznamenan na Polish Graphic Design Awards\n2019. Existuje k tomu dobr\u00fd d\u016fvod, proto\u017ee kalend\u00e1\u0159 m\u00e1 to, co je d\u016fle\u017eit\u00e9 a <strong>povzbuzuje kreativn\u00ed p\u0159istup &#8211; dokonce i k\nv\u011bcem, kter\u00e9 dob\u0159e zn\u00e1me<\/strong>.<\/p>\n\n\n\n<p>Zde neexistuje \u017e\u00e1dn\u00e9 z\u0159ejm\u00e9 rozlo\u017een\u00ed, m\u016f\u017eeme voln\u011b\nm\u011bnit perspektivu a obdivovat n\u00e1sleduj\u00edc\u00ed data. V tomto kalend\u00e1\u0159i byl<strong> ka\u017ed\u00fd z 366 dn\u016f ozna\u010den jedine\u010dn\u00fdmi,\nautorsk\u00fdmi n\u00e1vrhy \u010d\u00edsel<\/strong>. Kalend\u00e1\u0159 ukazuje, \u017ee leto\u0161n\u00ed rok m\u016f\u017ee b\u00fdt jin\u00fd a <strong>ka\u017ed\u00fd den jedine\u010dn\u00fd.<\/strong><strong><\/strong><\/p>\n\n\n\n<figure class=\"wp-block-gallery has-nested-images columns-default is-cropped\">\n<figure class=\"wp-block-image\"><img width=\"1024\" height=\"576\" data-id=\"1998\"  src=\"https:\/\/justprint.cz\/blog\/wp-content\/uploads\/Kalendarze-21-Marcin-Plonka-1024x576.jpg\" alt=\"Nepraktick\u00fd kalend\u00e1\u0159 2020 - 1\" class=\"wp-image-1998\" srcset=\"https:\/\/justprint.cz\/blog\/wp-content\/uploads\/Kalendarze-21-Marcin-Plonka-1024x576.jpg 1024w, https:\/\/justprint.cz\/blog\/wp-content\/uploads\/Kalendarze-21-Marcin-Plonka-300x169.jpg 300w, https:\/\/justprint.cz\/blog\/wp-content\/uploads\/Kalendarze-21-Marcin-Plonka-768x432.jpg 768w, https:\/\/justprint.cz\/blog\/wp-content\/uploads\/Kalendarze-21-Marcin-Plonka-1170x658.jpg 1170w, https:\/\/justprint.cz\/blog\/wp-content\/uploads\/Kalendarze-21-Marcin-Plonka-585x329.jpg 585w, https:\/\/justprint.cz\/blog\/wp-content\/uploads\/Kalendarze-21-Marcin-Plonka.jpg 1400w\" sizes=\"(max-width: 1024px) 100vw, 1024px\" \/><\/figure>\n\n\n\n<figure class=\"wp-block-image\"><img width=\"1024\" height=\"1024\" data-id=\"1999\"  src=\"https:\/\/justprint.cz\/blog\/wp-content\/uploads\/kalendarze-22-Marcin-Plonka-1024x1024.jpg\" alt=\"Nepraktick\u00fd kalend\u00e1\u0159 2020 - 2\" class=\"wp-image-1999\" srcset=\"https:\/\/justprint.cz\/blog\/wp-content\/uploads\/kalendarze-22-Marcin-Plonka-1024x1024.jpg 1024w, https:\/\/justprint.cz\/blog\/wp-content\/uploads\/kalendarze-22-Marcin-Plonka-150x150.jpg 150w, https:\/\/justprint.cz\/blog\/wp-content\/uploads\/kalendarze-22-Marcin-Plonka-300x300.jpg 300w, https:\/\/justprint.cz\/blog\/wp-content\/uploads\/kalendarze-22-Marcin-Plonka-768x768.jpg 768w, https:\/\/justprint.cz\/blog\/wp-content\/uploads\/kalendarze-22-Marcin-Plonka-1170x1170.jpg 1170w, https:\/\/justprint.cz\/blog\/wp-content\/uploads\/kalendarze-22-Marcin-Plonka.jpg 1920w, https:\/\/justprint.cz\/blog\/wp-content\/uploads\/kalendarze-22-Marcin-Plonka-585x585.jpg 585w, https:\/\/justprint.cz\/blog\/wp-content\/uploads\/kalendarze-22-Marcin-Plonka-24x24.jpg 24w, https:\/\/justprint.cz\/blog\/wp-content\/uploads\/kalendarze-22-Marcin-Plonka-48x48.jpg 48w, https:\/\/justprint.cz\/blog\/wp-content\/uploads\/kalendarze-22-Marcin-Plonka-96x96.jpg 96w\" sizes=\"(max-width: 1024px) 100vw, 1024px\" \/><\/figure>\n<\/figure>\n\n\n\n<h2><strong>N\u00e1vrh\nkalend\u00e1\u0159e pro p\u0159estupn\u00fd rok<\/strong><strong><\/strong><\/h2>\n\n\n\n<p>Jako dezert kalend\u00e1\u0159 365 + 1. Jeho n\u00e1vrhov\u00fd koncept\nvznikl kolem +1, tedy toho, \u017ee rok 2020 je p\u0159estupn\u00fdm rokem &#8211; s jednodenn\u00edm\nbonusem. Kalend\u00e1\u0159 byl vytvo\u0159en, aby oslavil tento rok a ocenit d\u016fle\u017eitost\nka\u017ed\u00e9ho dne.<\/p>\n\n\n\n<p>Z\u00e1kladem designu je<strong> velmi soudr\u017en\u00fd koncept soust\u0159ed\u011bn\u00fd kolem +1.<\/strong> M\u00e1me tedy &#8211; 1\ngrafick\u00e9 rozvr\u017een\u00ed, 1 font, 1 druh pap\u00edru a 1 dominantn\u00ed barvu. Typografick\u00fd\np\u0159\u00edstup k rozvr\u017een\u00ed <strong>up\u0159ednost\u0148uje\njednotliv\u00e9 dny<\/strong>, a ne t\u00fddny nebo m\u011bs\u00edce. Ka\u017ed\u00fd n\u00e1sleduj\u00edc\u00ed den vytvo\u0159\u00ed \u010d\u00e1ru,\nozna\u010duj\u00edc\u00ed plynut\u00ed \u010dasu.<\/p>\n\n\n\n<p>Na konec to, co je nejd\u016fle\u017eit\u011bj\u0161\u00ed &#8211; minimalismus\nformy a to, \u017ee <strong>ka\u017ed\u00fd den je prostor pro\nkreativn\u00ed <\/strong>dopln\u011bn\u00ed ze strany p\u0159\u00edjemce. Kalend\u00e1\u0159 byl vytvo\u0159en p\u0159\u00e1teli a pro\np\u0159\u00e1tele. Byl vyti\u0161t\u011bn v omezen\u00e9m po\u010dtu exempl\u00e1\u0159\u016f.<\/p>\n\n\n\n<figure class=\"wp-block-gallery has-nested-images columns-default is-cropped\">\n<figure class=\"wp-block-image\"><img width=\"1024\" height=\"1024\" data-id=\"2000\"  src=\"https:\/\/justprint.cz\/blog\/wp-content\/uploads\/kalendarze-23-3651-1024x1024.jpg\" alt=\"kalendare 23 365+1\" class=\"wp-image-2000\" srcset=\"https:\/\/justprint.cz\/blog\/wp-content\/uploads\/kalendarze-23-3651-1024x1024.jpg 1024w, https:\/\/justprint.cz\/blog\/wp-content\/uploads\/kalendarze-23-3651-150x150.jpg 150w, https:\/\/justprint.cz\/blog\/wp-content\/uploads\/kalendarze-23-3651-300x300.jpg 300w, https:\/\/justprint.cz\/blog\/wp-content\/uploads\/kalendarze-23-3651-768x768.jpg 768w, https:\/\/justprint.cz\/blog\/wp-content\/uploads\/kalendarze-23-3651-1170x1170.jpg 1170w, https:\/\/justprint.cz\/blog\/wp-content\/uploads\/kalendarze-23-3651-1920x1920.jpg 1920w, https:\/\/justprint.cz\/blog\/wp-content\/uploads\/kalendarze-23-3651-585x585.jpg 585w, https:\/\/justprint.cz\/blog\/wp-content\/uploads\/kalendarze-23-3651-24x24.jpg 24w, https:\/\/justprint.cz\/blog\/wp-content\/uploads\/kalendarze-23-3651-48x48.jpg 48w, https:\/\/justprint.cz\/blog\/wp-content\/uploads\/kalendarze-23-3651-96x96.jpg 96w\" sizes=\"(max-width: 1024px) 100vw, 1024px\" \/><\/figure>\n\n\n\n<figure class=\"wp-block-image\"><img width=\"1024\" height=\"1024\" data-id=\"2001\"  src=\"https:\/\/justprint.cz\/blog\/wp-content\/uploads\/kalendarze-24-3651-1024x1024.png\" alt=\"kalendare 23 365+1\" class=\"wp-image-2001\" srcset=\"https:\/\/justprint.cz\/blog\/wp-content\/uploads\/kalendarze-24-3651-1024x1024.png 1024w, https:\/\/justprint.cz\/blog\/wp-content\/uploads\/kalendarze-24-3651-150x150.png 150w, https:\/\/justprint.cz\/blog\/wp-content\/uploads\/kalendarze-24-3651-300x300.png 300w, https:\/\/justprint.cz\/blog\/wp-content\/uploads\/kalendarze-24-3651-768x768.png 768w, https:\/\/justprint.cz\/blog\/wp-content\/uploads\/kalendarze-24-3651-1170x1170.png 1170w, https:\/\/justprint.cz\/blog\/wp-content\/uploads\/kalendarze-24-3651-585x585.png 585w, https:\/\/justprint.cz\/blog\/wp-content\/uploads\/kalendarze-24-3651-24x24.png 24w, https:\/\/justprint.cz\/blog\/wp-content\/uploads\/kalendarze-24-3651-48x48.png 48w, https:\/\/justprint.cz\/blog\/wp-content\/uploads\/kalendarze-24-3651-96x96.png 96w, https:\/\/justprint.cz\/blog\/wp-content\/uploads\/kalendarze-24-3651.png 1800w\" sizes=\"(max-width: 1024px) 100vw, 1024px\" \/><\/figure>\n<\/figure>\n\n\n\n<p>Nepotahovan\u00fd pap\u00edr v\u00e1m umo\u017en\u00ed snadno zapsat,\nna\u010drtnout nebo ozna\u010dit n\u011bco. Na tak zaj\u00edmav\u00e9m z\u00e1klad\u011b m\u016f\u017ee ka\u017ed\u00fd navrhnout\ntento rok p\u0159esn\u011b tak, jak chce. A o to p\u0159esn\u011b jde &#8211; z m\u00e9 strany <strong>+ 10 pro tv\u016frce<\/strong>.<\/p>\n\n\n\n<figure class=\"wp-block-gallery has-nested-images columns-default is-cropped\">\n<figure class=\"wp-block-image\"><img width=\"1024\" height=\"1024\" data-id=\"1978\"  src=\"https:\/\/justprint.cz\/blog\/wp-content\/uploads\/kalendarze-25-3651-1024x1024.gif\" alt=\"kalendare 25 365+1\" class=\"wp-image-1978\" srcset=\"https:\/\/justprint.cz\/blog\/wp-content\/uploads\/kalendarze-25-3651-1024x1024.gif 1024w, https:\/\/justprint.cz\/blog\/wp-content\/uploads\/kalendarze-25-3651-150x150.gif 150w, https:\/\/justprint.cz\/blog\/wp-content\/uploads\/kalendarze-25-3651-300x300.gif 300w, https:\/\/justprint.cz\/blog\/wp-content\/uploads\/kalendarze-25-3651-768x768.gif 768w, https:\/\/justprint.cz\/blog\/wp-content\/uploads\/kalendarze-25-3651-1170x1170.gif 1170w, https:\/\/justprint.cz\/blog\/wp-content\/uploads\/kalendarze-25-3651-585x585.gif 585w, https:\/\/justprint.cz\/blog\/wp-content\/uploads\/kalendarze-25-3651-24x24.gif 24w, https:\/\/justprint.cz\/blog\/wp-content\/uploads\/kalendarze-25-3651-48x48.gif 48w, https:\/\/justprint.cz\/blog\/wp-content\/uploads\/kalendarze-25-3651-96x96.gif 96w\" sizes=\"(max-width: 1024px) 100vw, 1024px\" \/><\/figure>\n<\/figure>\n\n\n\n<p><strong>Zdroje grafick\u00fdch materi\u00e1l\u016f:<\/strong><\/p>\n\n\n\n<p>https:\/\/www.behance.net\/gallery\/89115981\/2020-FASHION-Calendar<br>\nhttps:\/\/www.behance.net\/gallery\/89629027\/CALENDAR-2020<br>\nhttps:\/\/www.behance.net\/gallery\/90192285\/MADWOMEN-CALENDAR <br>\nhttps:\/\/www.behance.net\/gallery\/92866375\/Be-Green<br>\nhttps:\/\/www.behance.net\/gallery\/95914313\/3651-Calendar <\/p>\n\n\n\n<p>https:\/\/www.behance.net\/gallery\/91476143\/2020-Impractical-Calendar<br>https:\/\/www.behance.net\/gallery\/95914313\/3651-Calendar <\/p>\n\n\n\n<p><\/p>\n","protected":false},"excerpt":{"rendered":"<p>Obdob\u00ed tisku kalend\u00e1\u0159\u016f je ji\u017e v pln\u00e9m proudu &#8211; pr\u00e1v\u011b te\u010f stoj\u00ed za to p\u0159em\u00fd\u0161let o tisku kalend\u00e1\u0159\u016f pro rok 2021. Na sam\u00e9m po\u010d\u00e1tku m\u00e1m pro V\u00e1s 2 p\u0159ekvapen\u00ed.<\/p>\n","protected":false},"author":1,"featured_media":1979,"comment_status":"open","ping_status":"open","sticky":false,"template":"","format":"standard","meta":[],"categories":[36,37,35],"tags":[],"aioseo_notices":[],"_links":{"self":[{"href":"https:\/\/justprint.cz\/blog\/wp-json\/wp\/v2\/posts\/1977"}],"collection":[{"href":"https:\/\/justprint.cz\/blog\/wp-json\/wp\/v2\/posts"}],"about":[{"href":"https:\/\/justprint.cz\/blog\/wp-json\/wp\/v2\/types\/post"}],"author":[{"embeddable":true,"href":"https:\/\/justprint.cz\/blog\/wp-json\/wp\/v2\/users\/1"}],"replies":[{"embeddable":true,"href":"https:\/\/justprint.cz\/blog\/wp-json\/wp\/v2\/comments?post=1977"}],"version-history":[{"count":9,"href":"https:\/\/justprint.cz\/blog\/wp-json\/wp\/v2\/posts\/1977\/revisions"}],"predecessor-version":[{"id":5467,"href":"https:\/\/justprint.cz\/blog\/wp-json\/wp\/v2\/posts\/1977\/revisions\/5467"}],"wp:featuredmedia":[{"embeddable":true,"href":"https:\/\/justprint.cz\/blog\/wp-json\/wp\/v2\/media\/1979"}],"wp:attachment":[{"href":"https:\/\/justprint.cz\/blog\/wp-json\/wp\/v2\/media?parent=1977"}],"wp:term":[{"taxonomy":"category","embeddable":true,"href":"https:\/\/justprint.cz\/blog\/wp-json\/wp\/v2\/categories?post=1977"},{"taxonomy":"post_tag","embeddable":true,"href":"https:\/\/justprint.cz\/blog\/wp-json\/wp\/v2\/tags?post=1977"}],"curies":[{"name":"wp","href":"https:\/\/api.w.org\/{rel}","templated":true}]}}